{"id":64490,"date":"2018-09-08T21:50:48","date_gmt":"2018-09-09T00:50:48","guid":{"rendered":"http:\/\/www.caririemacao.com\/1\/?p=64490"},"modified":"2018-09-08T21:51:33","modified_gmt":"2018-09-09T00:51:33","slug":"motocicleta-e-encontrada-abandonada-na-zona-rural-de-camalau","status":"publish","type":"post","link":"https:\/\/www.caririemacao.com\/1\/2018\/09\/08\/motocicleta-e-encontrada-abandonada-na-zona-rural-de-camalau\/","title":{"rendered":"Motocicleta \u00e9 encontrada abandonada na zona rural de Camala\u00fa\u00a0"},"content":{"rendered":"<p>Uma motocicleta foi encontrada no s\u00edtio Cangalha, zona rural do munic\u00edpio de Camala\u00fa, a moto teria sido utilizada pelos assassinos do vereador\u00a0Adelmo.<\/p>\n<p>As informa\u00e7\u00f5es ainda d\u00e3o conta de que a motocicleta foi vista em poder de dois homens, que est\u00e3o circulando entre os S\u00edtios Cangalha, Tigre e Caranguejo. Um deles possui cabelos claros.<\/p>\n<p>A Pol\u00edcia Militar est\u00e1 realizando busca na regi\u00e3o, para localizar os acusados, qualquer informa\u00e7\u00e3o que possa ajudar na pris\u00e3o dos mesmos, deve ser repassada a Pol\u00edcia atrav\u00e9s do n\u00famero 190.<\/p>\n<p><em><strong>Reda\u00e7\u00e3o\u00a0<\/strong><\/em><\/p>\n","protected":false},"excerpt":{"rendered":"<p>Uma motocicleta foi encontrada no s\u00edtio Cangalha, zona rural do munic\u00edpio de Camala\u00fa, a moto teria sido utilizada pelos assassinos do vereador\u00a0Adelmo. As informa\u00e7\u00f5es ainda&hellip; <\/p>\n","protected":false},"author":1,"featured_media":18430,"comment_status":"closed","ping_status":"closed","sticky":false,"template":"","format":"standard","meta":{"sfsi_plus_gutenberg_text_before_share":"","sfsi_plus_gutenberg_show_text_before_share":"","sfsi_plus_gutenberg_icon_type":"","sfsi_plus_gutenberg_icon_alignemt":"","sfsi_plus_gutenburg_max_per_row":"","footnotes":""},"categories":[12],"tags":[],"class_list":["post-64490","post","type-post","status-publish","format-standard","has-post-thumbnail","hentry","category-policia"],"_links":{"self":[{"href":"https:\/\/www.caririemacao.com\/1\/wp-json\/wp\/v2\/posts\/64490","targetHints":{"allow":["GET"]}}],"collection":[{"href":"https:\/\/www.caririemacao.com\/1\/wp-json\/wp\/v2\/posts"}],"about":[{"href":"https:\/\/www.caririemacao.com\/1\/wp-json\/wp\/v2\/types\/post"}],"author":[{"embeddable":true,"href":"https:\/\/www.caririemacao.com\/1\/wp-json\/wp\/v2\/users\/1"}],"replies":[{"embeddable":true,"href":"https:\/\/www.caririemacao.com\/1\/wp-json\/wp\/v2\/comments?post=64490"}],"version-history":[{"count":2,"href":"https:\/\/www.caririemacao.com\/1\/wp-json\/wp\/v2\/posts\/64490\/revisions"}],"predecessor-version":[{"id":64492,"href":"https:\/\/www.caririemacao.com\/1\/wp-json\/wp\/v2\/posts\/64490\/revisions\/64492"}],"wp:featuredmedia":[{"embeddable":true,"href":"https:\/\/www.caririemacao.com\/1\/wp-json\/wp\/v2\/media\/18430"}],"wp:attachment":[{"href":"https:\/\/www.caririemacao.com\/1\/wp-json\/wp\/v2\/media?parent=64490"}],"wp:term":[{"taxonomy":"category","embeddable":true,"href":"https:\/\/www.caririemacao.com\/1\/wp-json\/wp\/v2\/categories?post=64490"},{"taxonomy":"post_tag","embeddable":true,"href":"https:\/\/www.caririemacao.com\/1\/wp-json\/wp\/v2\/tags?post=64490"}],"curies":[{"name":"wp","href":"https:\/\/api.w.org\/{rel}","templated":true}]}}