{"id":64493,"date":"2018-09-08T21:58:23","date_gmt":"2018-09-09T00:58:23","guid":{"rendered":"http:\/\/www.caririemacao.com\/1\/?p=64493"},"modified":"2018-09-08T21:58:23","modified_gmt":"2018-09-09T00:58:23","slug":"professor-critica-gestao-da-uepb-e-diz-que-pretende-de-candidatar-a-reitor","status":"publish","type":"post","link":"https:\/\/www.caririemacao.com\/1\/2018\/09\/08\/professor-critica-gestao-da-uepb-e-diz-que-pretende-de-candidatar-a-reitor\/","title":{"rendered":"Professor critica gest\u00e3o da UEPB e diz que pretende de candidatar a reitor"},"content":{"rendered":"<div class=\"titulo\">\n<p>O professor da Universidade Estadual da Para\u00edba, Pedro C\u00e9sar, afirmou que pretende se candidatar a vaga de reitor da universidade em 2020.<\/p>\n<\/div>\n<div class=\"content\">\n<p>Em entrevista neste s\u00e1bado, 08, Pedro destacou que tem recebido convites de colegas e alunos e que sempre fez oposi\u00e7\u00e3o \u00e0 atual administra\u00e7\u00e3o do reitor Rangel J\u00fanior.<\/p>\n<p>\u2013 Eu n\u00e3o sou contra a pessoa de Rangel J\u00fanior, eu sou contra o gestor. Eu venho criticando a UEPB desde a sua autonomia, quando eu vi um exemplo claro: minha sala caiu o teto, e quando eu olho a UEPB vai expandir. E eu pergunto, como \u00e9 que a UEPB vai expandir? N\u00e3o seria l\u00f3gico ver e consertar as salas e depois pensar numa expans\u00e3o? Esse foi o meu primeiro choque. Hoje, se v\u00ea que esse processo de expans\u00e3o, no m\u00ednimo, foi mal conduzido \u2013 reprovou.<\/p>\n<p>Pedro salientou que tudo que criticava acabou acontecendo, em rela\u00e7\u00e3o \u00e0 expans\u00e3o da UEPB, e que as pessoas que est\u00e3o \u00e0 frente, por n\u00e3o ter uma habilidade de gest\u00e3o, j\u00e1 est\u00e3o falando em cancelar os campis, o que pode piorar a situa\u00e7\u00e3o.<\/p>\n<p>O professor frisou que se instalou um clima pol\u00edtico partid\u00e1rio na UEPB.<\/p>\n<p>\u2013 Muitas vezes, objetivo nem \u00e9 a pr\u00f3pria UEPB, e sim, j\u00e1 aconteceu, de ser a Prefeitura de Campina Grande. Eu estou na briga, vou apoiar algu\u00e9m que queira ser uma alternativa para aprumar o ruma da nossa institui\u00e7\u00e3o. Caso essas pessoas n\u00e3o queiram, eu estou \u00e0 disposi\u00e7\u00e3o [\u2026] a UEPB \u00e9 debatida de forma erra pela reitoria e pelo governo. O debate da UEPB \u00e9 levado para um n\u00edvel pol\u00edtico. Quando voc\u00ea coloca um reitor que \u00e9 filiado a um partido que era da base de Ricardo, que em 2011 o pr\u00f3prio reitor pediu para dar tempo ao tempo e nesse tempo n\u00e3o se fez nada com a quest\u00e3o da receita e s\u00f3 agora passou a criticar, fica muito dif\u00edcil pra mim entender. Tamb\u00e9m o pr\u00f3prio Nelson J\u00fanior (Aduepb) que agora est\u00e1 em campanha e a UEPB pegando fogo\u2013 criticou.<\/p>\n<p>Pedro criticou ainda o fato da reitoria da UEPB ter entregado o Museu Assis Chateaubriand a uma empresa por 25 anos, sem nenhuma contrapartida para a Universidade.<\/p>\n<p><em><strong>Informa\u00e7\u00f5es da 101 FM<\/strong><\/em><\/p>\n<\/div>\n","protected":false},"excerpt":{"rendered":"<p>O professor da Universidade Estadual da Para\u00edba, Pedro C\u00e9sar, afirmou que pretende se candidatar a vaga de reitor da universidade em 2020. Em entrevista neste&hellip; <\/p>\n","protected":false},"author":1,"featured_media":64494,"comment_status":"closed","ping_status":"closed","sticky":false,"template":"","format":"standard","meta":{"sfsi_plus_gutenberg_text_before_share":"","sfsi_plus_gutenberg_show_text_before_share":"","sfsi_plus_gutenberg_icon_type":"","sfsi_plus_gutenberg_icon_alignemt":"","sfsi_plus_gutenburg_max_per_row":"","footnotes":""},"categories":[14],"tags":[],"class_list":["post-64493","post","type-post","status-publish","format-standard","has-post-thumbnail","hentry","category-educacao"],"_links":{"self":[{"href":"https:\/\/www.caririemacao.com\/1\/wp-json\/wp\/v2\/posts\/64493","targetHints":{"allow":["GET"]}}],"collection":[{"href":"https:\/\/www.caririemacao.com\/1\/wp-json\/wp\/v2\/posts"}],"about":[{"href":"https:\/\/www.caririemacao.com\/1\/wp-json\/wp\/v2\/types\/post"}],"author":[{"embeddable":true,"href":"https:\/\/www.caririemacao.com\/1\/wp-json\/wp\/v2\/users\/1"}],"replies":[{"embeddable":true,"href":"https:\/\/www.caririemacao.com\/1\/wp-json\/wp\/v2\/comments?post=64493"}],"version-history":[{"count":1,"href":"https:\/\/www.caririemacao.com\/1\/wp-json\/wp\/v2\/posts\/64493\/revisions"}],"predecessor-version":[{"id":64495,"href":"https:\/\/www.caririemacao.com\/1\/wp-json\/wp\/v2\/posts\/64493\/revisions\/64495"}],"wp:featuredmedia":[{"embeddable":true,"href":"https:\/\/www.caririemacao.com\/1\/wp-json\/wp\/v2\/media\/64494"}],"wp:attachment":[{"href":"https:\/\/www.caririemacao.com\/1\/wp-json\/wp\/v2\/media?parent=64493"}],"wp:term":[{"taxonomy":"category","embeddable":true,"href":"https:\/\/www.caririemacao.com\/1\/wp-json\/wp\/v2\/categories?post=64493"},{"taxonomy":"post_tag","embeddable":true,"href":"https:\/\/www.caririemacao.com\/1\/wp-json\/wp\/v2\/tags?post=64493"}],"curies":[{"name":"wp","href":"https:\/\/api.w.org\/{rel}","templated":true}]}}