{"id":64576,"date":"2018-09-10T08:54:49","date_gmt":"2018-09-10T11:54:49","guid":{"rendered":"http:\/\/www.caririemacao.com\/1\/?p=64576"},"modified":"2018-09-10T08:54:49","modified_gmt":"2018-09-10T11:54:49","slug":"policia-realiza-operacao-para-capturar-suspeitos-de-assassinar-vereador-no-cariri","status":"publish","type":"post","link":"https:\/\/www.caririemacao.com\/1\/2018\/09\/10\/policia-realiza-operacao-para-capturar-suspeitos-de-assassinar-vereador-no-cariri\/","title":{"rendered":"Pol\u00edcia realiza opera\u00e7\u00e3o para capturar suspeitos de assassinar vereador no Cariri"},"content":{"rendered":"<p><img fetchpriority=\"high\" decoding=\"async\" class=\"alignleft size-medium wp-image-22198\" src=\"http:\/\/www.vitrinedocariri.com.br\/wp-content\/uploads\/2018\/09\/adelmo-300x225.jpeg\" alt=\"\" width=\"300\" height=\"225\" \/>A Pol\u00edcia Militar realiza desde o s\u00e1bado (08), uma opera\u00e7\u00e3o para capturar os envolvidos na morte do vereador Adelmo Teobaldo (PRB), ocorrida no final da manh\u00e3 do \u00faltimo s\u00e1bado, na cidade de Camala\u00fa, no Cariri paraibano.<\/p>\n<p>Conforme informa\u00e7\u00f5es, os suspeitos de assassinar o vereador est\u00e3o escondidos em uma mata no S\u00edtio Cangalha, zona rural de Camala\u00fa.<\/p>\n<p>A Pol\u00edcia j\u00e1 apreendeu a moto usada pelos suspeitos para executar o vereador, que estava em um casa, na zona rural do munic\u00edpio.<\/p>\n<p>A opera\u00e7\u00e3o conta com o apoio de Policiais da ROTAM, e com o Helic\u00f3ptero Acau\u00e3 da Secretaria de Seguran\u00e7a da Para\u00edba.<\/p>\n<p>Adelmo foi assassinado a queima roupa, com tr\u00eas tiros na cabe\u00e7a, no momento em que retornava para casa no final da manh\u00e3 do \u00faltimo s\u00e1bado.<\/p>\n<p>O corpo do vereador foi sepultado na tarde deste domingo (09), sob forte como\u00e7\u00e3o da popula\u00e7\u00e3o.<\/p>\n<p><strong>VITRINE DO CARIRI<\/strong><\/p>\n<p>Cariri Em A\u00e7\u00e3o<\/p>\n<p>Leia mais not\u00edcias em\u00a0<a href=\"http:\/\/www.caririemacao.com\/\">caririemacao.com<\/a>, siga nossa p\u00e1gina no\u00a0<a href=\"https:\/\/www.facebook.com\/CaririEmAcao\/?ref=aymt_homepage_panel\">Facebook<\/a>,\u00a0<a href=\"https:\/\/www.instagram.com\/cariri_em_acao\/?hl=pt-br\">Instagram<\/a>\u00a0e\u00a0<a href=\"https:\/\/www.youtube.com\/channel\/UCAptA0jQuYQy8vMhLt2m4qg\">Youtube<\/a>\u00a0e veja nossas mat\u00e9rias, v\u00eddeos e fotos. Voc\u00ea tamb\u00e9m pode enviar informa\u00e7\u00f5es \u00e0 Reda\u00e7\u00e3o do Portal Cariri em A\u00e7\u00e3o pelo WhatsApp (83) 9 9634.5791, (83) 9 9601-1162.<\/p>\n","protected":false},"excerpt":{"rendered":"<p>A Pol\u00edcia Militar realiza desde o s\u00e1bado (08), uma opera\u00e7\u00e3o para capturar os envolvidos na morte do vereador Adelmo Teobaldo (PRB), ocorrida no final da&hellip; <\/p>\n","protected":false},"author":1,"featured_media":42005,"comment_status":"closed","ping_status":"closed","sticky":false,"template":"","format":"standard","meta":{"sfsi_plus_gutenberg_text_before_share":"","sfsi_plus_gutenberg_show_text_before_share":"","sfsi_plus_gutenberg_icon_type":"","sfsi_plus_gutenberg_icon_alignemt":"","sfsi_plus_gutenburg_max_per_row":"","footnotes":""},"categories":[12],"tags":[],"class_list":["post-64576","post","type-post","status-publish","format-standard","has-post-thumbnail","hentry","category-policia"],"_links":{"self":[{"href":"https:\/\/www.caririemacao.com\/1\/wp-json\/wp\/v2\/posts\/64576","targetHints":{"allow":["GET"]}}],"collection":[{"href":"https:\/\/www.caririemacao.com\/1\/wp-json\/wp\/v2\/posts"}],"about":[{"href":"https:\/\/www.caririemacao.com\/1\/wp-json\/wp\/v2\/types\/post"}],"author":[{"embeddable":true,"href":"https:\/\/www.caririemacao.com\/1\/wp-json\/wp\/v2\/users\/1"}],"replies":[{"embeddable":true,"href":"https:\/\/www.caririemacao.com\/1\/wp-json\/wp\/v2\/comments?post=64576"}],"version-history":[{"count":1,"href":"https:\/\/www.caririemacao.com\/1\/wp-json\/wp\/v2\/posts\/64576\/revisions"}],"predecessor-version":[{"id":64577,"href":"https:\/\/www.caririemacao.com\/1\/wp-json\/wp\/v2\/posts\/64576\/revisions\/64577"}],"wp:featuredmedia":[{"embeddable":true,"href":"https:\/\/www.caririemacao.com\/1\/wp-json\/wp\/v2\/media\/42005"}],"wp:attachment":[{"href":"https:\/\/www.caririemacao.com\/1\/wp-json\/wp\/v2\/media?parent=64576"}],"wp:term":[{"taxonomy":"category","embeddable":true,"href":"https:\/\/www.caririemacao.com\/1\/wp-json\/wp\/v2\/categories?post=64576"},{"taxonomy":"post_tag","embeddable":true,"href":"https:\/\/www.caririemacao.com\/1\/wp-json\/wp\/v2\/tags?post=64576"}],"curies":[{"name":"wp","href":"https:\/\/api.w.org\/{rel}","templated":true}]}}