{"id":64578,"date":"2018-09-10T08:58:32","date_gmt":"2018-09-10T11:58:32","guid":{"rendered":"http:\/\/www.caririemacao.com\/1\/?p=64578"},"modified":"2018-09-10T08:58:32","modified_gmt":"2018-09-10T11:58:32","slug":"ze-maranhao-participa-da-procissao-de-nossa-senhora-dos-milagres-em-sao-joao-do-cariri","status":"publish","type":"post","link":"https:\/\/www.caririemacao.com\/1\/2018\/09\/10\/ze-maranhao-participa-da-procissao-de-nossa-senhora-dos-milagres-em-sao-joao-do-cariri\/","title":{"rendered":"Z\u00e9 Maranh\u00e3o participa da prociss\u00e3o de Nossa Senhora dos Milagres em S\u00e3o Jo\u00e3o do Cariri"},"content":{"rendered":"<p>O candidato ao Governo do Estado pelo MDB, Z\u00e9 Maranh\u00e3o, passou o domingo (09) na regi\u00e3o do Cariri. Ele pousou na pista de Sum\u00e9, onde foi recepcionado calorosamente pelos moradores.<\/p>\n<p>De l\u00e1, Z\u00e9 participou de um almo\u00e7o em S\u00e3o Jo\u00e3o do Cariri, onde recebeu um grande n\u00famero de ades\u00f5es. Do munic\u00edpio vieram: o vereador Robson, ex-vice prefeito Galego Moraes, ex-vereador Zizinho, comerciante Buruca, Clodoaldo do PTB e Chico de Olina, candidato a prefeito. De Desterro: vereador Napole\u00e3o e Eliano Rosa, presidente do Avante. Oposi\u00e7\u00e3o de Santo Andr\u00e9: vereadores Pedro e Leandro. Vereadores de S\u00e3o Jos\u00e9 dos Cordeiros: Humberto Queiroz, Adriel de S\u00e1 e Heraldo C\u00e9sar. Oposi\u00e7\u00e3o de Cabaceiras: vereadores Lacinho, Dad\u00e1, suplente Metosael e a presidente do MDB, Mariane. Apoios tamb\u00e9m de Livramento: ex-prefeito Z\u00e9 Pap\u00e9, secret\u00e1rios Nildo e Gl\u00f3ria, empres\u00e1rio Jo\u00e3o Paulo. De Serra Branca: vereador Valberto Pinto, ex-vereador Fl\u00e1vio Torre\u00e3o, empres\u00e1rio Veloso. De Zabel\u00ea: vereador Zezinho de Joca, lideran\u00e7as Moacir Ferreira, R\u00e9gis Brito e Francisco, al\u00e9m do presidente do Sindicato dos Trabalhadores Erinaldo Jos\u00e9 dos Santos. Vereadores de Parari: Le\u00f4nio, Nildo, ex-prefeita Solange. De Cara\u00fabas: ex-prefeito Pedro Correia, ex-vereador Jura e Bugi, suplente de vereador.<\/p>\n<p>No fim do dia, Maranh\u00e3o participou da grande prociss\u00e3o de Nossa Senhora dos Milagres, em S\u00e3o Jo\u00e3o do Cariri.<\/p>\n<p><strong>VITRINE DO CARIRI <\/strong><\/p>\n<p>Cariri Em A\u00e7\u00e3o<\/p>\n<p>Leia mais not\u00edcias em\u00a0<a href=\"http:\/\/www.caririemacao.com\/\">caririemacao.com<\/a>, siga nossa p\u00e1gina no\u00a0<a href=\"https:\/\/www.facebook.com\/CaririEmAcao\/?ref=aymt_homepage_panel\">Facebook<\/a>,\u00a0<a href=\"https:\/\/www.instagram.com\/cariri_em_acao\/?hl=pt-br\">Instagram<\/a>\u00a0e\u00a0<a href=\"https:\/\/www.youtube.com\/channel\/UCAptA0jQuYQy8vMhLt2m4qg\">Youtube<\/a>\u00a0e veja nossas mat\u00e9rias, v\u00eddeos e fotos. Voc\u00ea tamb\u00e9m pode enviar informa\u00e7\u00f5es \u00e0 Reda\u00e7\u00e3o do Portal Cariri em A\u00e7\u00e3o pelo WhatsApp (83) 9 9634.5791, (83) 9 9601-1162.<\/p>\n","protected":false},"excerpt":{"rendered":"<p>O candidato ao Governo do Estado pelo MDB, Z\u00e9 Maranh\u00e3o, passou o domingo (09) na regi\u00e3o do Cariri. Ele pousou na pista de Sum\u00e9, onde&hellip; <\/p>\n","protected":false},"author":1,"featured_media":64579,"comment_status":"closed","ping_status":"closed","sticky":false,"template":"","format":"standard","meta":{"sfsi_plus_gutenberg_text_before_share":"","sfsi_plus_gutenberg_show_text_before_share":"","sfsi_plus_gutenberg_icon_type":"","sfsi_plus_gutenberg_icon_alignemt":"","sfsi_plus_gutenburg_max_per_row":"","footnotes":""},"categories":[11],"tags":[],"class_list":["post-64578","post","type-post","status-publish","format-standard","has-post-thumbnail","hentry","category-politica"],"_links":{"self":[{"href":"https:\/\/www.caririemacao.com\/1\/wp-json\/wp\/v2\/posts\/64578","targetHints":{"allow":["GET"]}}],"collection":[{"href":"https:\/\/www.caririemacao.com\/1\/wp-json\/wp\/v2\/posts"}],"about":[{"href":"https:\/\/www.caririemacao.com\/1\/wp-json\/wp\/v2\/types\/post"}],"author":[{"embeddable":true,"href":"https:\/\/www.caririemacao.com\/1\/wp-json\/wp\/v2\/users\/1"}],"replies":[{"embeddable":true,"href":"https:\/\/www.caririemacao.com\/1\/wp-json\/wp\/v2\/comments?post=64578"}],"version-history":[{"count":1,"href":"https:\/\/www.caririemacao.com\/1\/wp-json\/wp\/v2\/posts\/64578\/revisions"}],"predecessor-version":[{"id":64580,"href":"https:\/\/www.caririemacao.com\/1\/wp-json\/wp\/v2\/posts\/64578\/revisions\/64580"}],"wp:featuredmedia":[{"embeddable":true,"href":"https:\/\/www.caririemacao.com\/1\/wp-json\/wp\/v2\/media\/64579"}],"wp:attachment":[{"href":"https:\/\/www.caririemacao.com\/1\/wp-json\/wp\/v2\/media?parent=64578"}],"wp:term":[{"taxonomy":"category","embeddable":true,"href":"https:\/\/www.caririemacao.com\/1\/wp-json\/wp\/v2\/categories?post=64578"},{"taxonomy":"post_tag","embeddable":true,"href":"https:\/\/www.caririemacao.com\/1\/wp-json\/wp\/v2\/tags?post=64578"}],"curies":[{"name":"wp","href":"https:\/\/api.w.org\/{rel}","templated":true}]}}