{"id":64583,"date":"2018-09-10T09:40:54","date_gmt":"2018-09-10T12:40:54","guid":{"rendered":"http:\/\/www.caririemacao.com\/1\/?p=64583"},"modified":"2018-09-10T09:40:54","modified_gmt":"2018-09-10T12:40:54","slug":"mais-de-100-detentos-fogem-de-presidio-de-seguranca-maxima-pb1","status":"publish","type":"post","link":"https:\/\/www.caririemacao.com\/1\/2018\/09\/10\/mais-de-100-detentos-fogem-de-presidio-de-seguranca-maxima-pb1\/","title":{"rendered":"Mais de 100 detentos fogem de pres\u00eddio de seguran\u00e7a m\u00e1xima PB1"},"content":{"rendered":"<p>Pelo menos 105 presos fugiram da Penitenci\u00e1ria de Seguran\u00e7a M\u00e1xima Romeu Gon\u00e7alves Abrantes, o PB1, na madrugada desta segunda-feira (10) em Jo\u00e3o Pessoa, segundo nota divulgada pela Secretaria de Estado de Defesa Social (SEDS). At\u00e9 as 6h59, 28 detentos haviam sido recapturados, segundo a Secretaria de Administra\u00e7\u00e3o Penitenci\u00e1ria. O pres\u00eddio tem capacidade para 660 presos e atualmente tinha 680 detentos.<\/p>\n<p>Pessoas que moram perto da cadeia come\u00e7aram a ouvir disparos e uma explos\u00e3o pouco depois da meia-noite. De acordo com informa\u00e7\u00f5es da PM, cerca de 20 homens chegaram em quatro carros e dispararam v\u00e1rias vezes contra as guaritas, o alojamento e o port\u00e3o principal, que foi derrubado ap\u00f3s uma explos\u00e3o. Houve troca de tiros entre os bandidos e policiais militares e agentes prisionais.<\/p>\n<p>Em outra a\u00e7\u00e3o, que acontecia no mesmo momento, um grupo fechou a rodovial estadual PB-008. Um tenente da PM, de 36 anos, que tentava combater a a\u00e7\u00e3o, foi baleado na cabe\u00e7a e levado ao Hospital de Emerg\u00eancia e Trauma de Jo\u00e3o Pessoa. Segundo o boletim do hospital, o tenente Moneta segue internado em estado de sa\u00fade grave.<\/p>\n<p>A Pol\u00edcia Civil investiga o caso e as primeiras informa\u00e7\u00f5es apontam que o objetivo do ataque ao pres\u00eddio PB1 era resgatar quatro homens que foram presos no m\u00eas passado em Lucena, na regi\u00e3o metropolitana de Jo\u00e3o Pessoa, ap\u00f3s um ataque a um carro-forte.<\/p>\n<p>Eles s\u00e3o acusados de integrar uma quadrilha que atua em todo o pa\u00eds na explos\u00e3o de caixas eletr\u00f4nicos e carros-fortes.<\/p>\n<p><strong>Vitrine do Cariri\u00a0<\/strong><\/p>\n<p>Cariri Em A\u00e7\u00e3o<\/p>\n<p>Leia mais not\u00edcias em\u00a0<a href=\"http:\/\/www.caririemacao.com\/\">caririemacao.com<\/a>, siga nossa p\u00e1gina no\u00a0<a href=\"https:\/\/www.facebook.com\/CaririEmAcao\/?ref=aymt_homepage_panel\">Facebook<\/a>,\u00a0<a href=\"https:\/\/www.instagram.com\/cariri_em_acao\/?hl=pt-br\">Instagram<\/a>\u00a0e\u00a0<a href=\"https:\/\/www.youtube.com\/channel\/UCAptA0jQuYQy8vMhLt2m4qg\">Youtube<\/a>\u00a0e veja nossas mat\u00e9rias, v\u00eddeos e fotos. Voc\u00ea tamb\u00e9m pode enviar informa\u00e7\u00f5es \u00e0 Reda\u00e7\u00e3o do Portal Cariri em A\u00e7\u00e3o pelo WhatsApp (83) 9 9634.5791, (83) 9 9601-1162.<\/p>\n","protected":false},"excerpt":{"rendered":"<p>Pelo menos 105 presos fugiram da Penitenci\u00e1ria de Seguran\u00e7a M\u00e1xima Romeu Gon\u00e7alves Abrantes, o PB1, na madrugada desta segunda-feira (10) em Jo\u00e3o Pessoa, segundo nota&hellip; <\/p>\n","protected":false},"author":1,"featured_media":64587,"comment_status":"closed","ping_status":"closed","sticky":false,"template":"","format":"standard","meta":{"sfsi_plus_gutenberg_text_before_share":"","sfsi_plus_gutenberg_show_text_before_share":"","sfsi_plus_gutenberg_icon_type":"","sfsi_plus_gutenberg_icon_alignemt":"","sfsi_plus_gutenburg_max_per_row":"","footnotes":""},"categories":[12],"tags":[],"class_list":["post-64583","post","type-post","status-publish","format-standard","has-post-thumbnail","hentry","category-policia"],"_links":{"self":[{"href":"https:\/\/www.caririemacao.com\/1\/wp-json\/wp\/v2\/posts\/64583","targetHints":{"allow":["GET"]}}],"collection":[{"href":"https:\/\/www.caririemacao.com\/1\/wp-json\/wp\/v2\/posts"}],"about":[{"href":"https:\/\/www.caririemacao.com\/1\/wp-json\/wp\/v2\/types\/post"}],"author":[{"embeddable":true,"href":"https:\/\/www.caririemacao.com\/1\/wp-json\/wp\/v2\/users\/1"}],"replies":[{"embeddable":true,"href":"https:\/\/www.caririemacao.com\/1\/wp-json\/wp\/v2\/comments?post=64583"}],"version-history":[{"count":1,"href":"https:\/\/www.caririemacao.com\/1\/wp-json\/wp\/v2\/posts\/64583\/revisions"}],"predecessor-version":[{"id":64588,"href":"https:\/\/www.caririemacao.com\/1\/wp-json\/wp\/v2\/posts\/64583\/revisions\/64588"}],"wp:featuredmedia":[{"embeddable":true,"href":"https:\/\/www.caririemacao.com\/1\/wp-json\/wp\/v2\/media\/64587"}],"wp:attachment":[{"href":"https:\/\/www.caririemacao.com\/1\/wp-json\/wp\/v2\/media?parent=64583"}],"wp:term":[{"taxonomy":"category","embeddable":true,"href":"https:\/\/www.caririemacao.com\/1\/wp-json\/wp\/v2\/categories?post=64583"},{"taxonomy":"post_tag","embeddable":true,"href":"https:\/\/www.caririemacao.com\/1\/wp-json\/wp\/v2\/tags?post=64583"}],"curies":[{"name":"wp","href":"https:\/\/api.w.org\/{rel}","templated":true}]}}