{"id":64590,"date":"2018-09-10T11:38:52","date_gmt":"2018-09-10T14:38:52","guid":{"rendered":"http:\/\/www.caririemacao.com\/1\/?p=64590"},"modified":"2018-09-10T11:38:52","modified_gmt":"2018-09-10T14:38:52","slug":"prefeitura-de-sume-segue-construindo-praca-publica","status":"publish","type":"post","link":"https:\/\/www.caririemacao.com\/1\/2018\/09\/10\/prefeitura-de-sume-segue-construindo-praca-publica\/","title":{"rendered":"Prefeitura de Sum\u00e9 segue construindo Pra\u00e7a P\u00fablica"},"content":{"rendered":"<p>O Conjunto Pedro Ferreira Filho, em Sum\u00e9, receber\u00e1 nos pr\u00f3ximos dias, uma \u00e1rea destinada \u00e0 recrea\u00e7\u00e3o e lazer. Moradores daquele bairro j\u00e1 aguardam com grande expetativa a conclus\u00e3o da Pra\u00e7a que\u00a0contar\u00e1 com quadra para pr\u00e1tica de atividades f\u00edsicas, esportivas e realiza\u00e7\u00e3o de eventos.<\/p>\n<p>\u201cEssa pra\u00e7a ser\u00e1 muito bem vinda para todos n\u00f3s. \u00c9 um benef\u00edcio muito importante para a comunidade local; um lazer pra ocupar o tempo das crian\u00e7as\u201d, disse o popular e vizinho da obra, Fontenele.<\/p>\n<p><a href=\"http:\/\/www.sume.pb.gov.br\/wp-content\/uploads\/2018\/09\/WhatsApp-Image-2018-09-10-at-10.25.12-1-Copia.jpeg\" data-slb-active=\"1\" data-slb-asset=\"799868681\" data-slb-internal=\"0\" data-slb-group=\"6055\"><img decoding=\"async\" class=\"size-thumbnail wp-image-6064 alignright lazyload\" data-src=\"http:\/\/www.sume.pb.gov.br\/wp-content\/uploads\/2018\/09\/WhatsApp-Image-2018-09-10-at-10.25.12-1-Copia-150x150.jpeg\" data-sizes=\"(max-width: 150px) 100vw, 150px\" data-srcset=\"http:\/\/www.sume.pb.gov.br\/wp-content\/uploads\/2018\/09\/WhatsApp-Image-2018-09-10-at-10.25.12-1-Copia-150x150.jpeg 150w, http:\/\/www.sume.pb.gov.br\/wp-content\/uploads\/2018\/09\/WhatsApp-Image-2018-09-10-at-10.25.12-1-Copia-75x75.jpeg 75w\" alt=\"\" width=\"150\" height=\"150\" src=\"data:image\/svg+xml;base64,PHN2ZyB3aWR0aD0iMSIgaGVpZ2h0PSIxIiB4bWxucz0iaHR0cDovL3d3dy53My5vcmcvMjAwMC9zdmciPjwvc3ZnPg==\" style=\"--smush-placeholder-width: 150px; --smush-placeholder-aspect-ratio: 150\/150;\" \/><\/a>Jos\u00e9 Ricardo, de 14 anos, que tamb\u00e9m mora nas proximidades, comunga da mesma ideia. \u201cEssa quadra ser\u00e1 muito boa para quem joga bola, por que n\u00e3o se machuca. Melhor ainda se for coberta, pra gente n\u00e3o treinar no sol\u201d, opinou o estudante.<\/p>\n<p><a href=\"http:\/\/www.sume.pb.gov.br\/wp-content\/uploads\/2018\/09\/WhatsApp-Image-2018-09-10-at-10.25.13-2-Copia.jpeg\" data-slb-active=\"1\" data-slb-asset=\"962411212\" data-slb-internal=\"0\" data-slb-group=\"6055\"><img decoding=\"async\" class=\"size-thumbnail wp-image-6062 alignleft lazyload\" data-src=\"http:\/\/www.sume.pb.gov.br\/wp-content\/uploads\/2018\/09\/WhatsApp-Image-2018-09-10-at-10.25.13-2-Copia-150x150.jpeg\" data-sizes=\"(max-width: 150px) 100vw, 150px\" data-srcset=\"http:\/\/www.sume.pb.gov.br\/wp-content\/uploads\/2018\/09\/WhatsApp-Image-2018-09-10-at-10.25.13-2-Copia-150x150.jpeg 150w, http:\/\/www.sume.pb.gov.br\/wp-content\/uploads\/2018\/09\/WhatsApp-Image-2018-09-10-at-10.25.13-2-Copia-75x75.jpeg 75w\" alt=\"\" width=\"150\" height=\"150\" src=\"data:image\/svg+xml;base64,PHN2ZyB3aWR0aD0iMSIgaGVpZ2h0PSIxIiB4bWxucz0iaHR0cDovL3d3dy53My5vcmcvMjAwMC9zdmciPjwvc3ZnPg==\" style=\"--smush-placeholder-width: 150px; --smush-placeholder-aspect-ratio: 150\/150;\" \/><\/a>A constru\u00e7\u00e3o da Pra\u00e7a, mesmo em andamento, j\u00e1 valorizou \u00e0 \u00e1rea, conforme moradores do local ouvidos por nossa reportagem. \u201cEssa semana, mesmo, um rapaz, aqui, vizinho, p\u00f4s um ch\u00e3o de casa a venda, e rapidinho apareceu comprador. Com essa obra a\u00ed, ficou mais f\u00e1cil realizar o neg\u00f3cio\u201d, disse Manoel Cassemiro, residente do bairro, h\u00e1 mais de 30 anos.<\/p>\n<p>O projeto da Pra\u00e7a P\u00fablica do Pedro Ferreira Filho \u00e9 uma parceria firmada entre Minist\u00e9rio do Turismo e o munic\u00edpio de Sum\u00e9. O espa\u00e7o ser\u00e1 utilizado para recrea\u00e7\u00e3o, esportes, passeios pelos moradores do local e arredores.<\/p>\n<p>O prefeito Eden Duarte espera entreg\u00e1-la \u00e0 popula\u00e7\u00e3o, daquele bairro, at\u00e9 o final desse ano.<\/p>\n<p>Ascom\/PMS<\/p>\n<p>Cariri Em A\u00e7\u00e3o<\/p>\n<p>Leia mais not\u00edcias em\u00a0<a href=\"http:\/\/www.caririemacao.com\/\">caririemacao.com<\/a>, siga nossa p\u00e1gina no\u00a0<a href=\"https:\/\/www.facebook.com\/CaririEmAcao\/?ref=aymt_homepage_panel\">Facebook<\/a>,\u00a0<a href=\"https:\/\/www.instagram.com\/cariri_em_acao\/?hl=pt-br\">Instagram<\/a>\u00a0e\u00a0<a href=\"https:\/\/www.youtube.com\/channel\/UCAptA0jQuYQy8vMhLt2m4qg\">Youtube<\/a>\u00a0e veja nossas mat\u00e9rias, v\u00eddeos e fotos. Voc\u00ea tamb\u00e9m pode enviar informa\u00e7\u00f5es \u00e0 Reda\u00e7\u00e3o do Portal Cariri em A\u00e7\u00e3o pelo WhatsApp (83) 9 9634.5791, (83) 9 9601-1162.<\/p>\n","protected":false},"excerpt":{"rendered":"<p>O Conjunto Pedro Ferreira Filho, em Sum\u00e9, receber\u00e1 nos pr\u00f3ximos dias, uma \u00e1rea destinada \u00e0 recrea\u00e7\u00e3o e lazer. Moradores daquele bairro j\u00e1 aguardam com grande&hellip; <\/p>\n","protected":false},"author":1,"featured_media":47455,"comment_status":"closed","ping_status":"closed","sticky":false,"template":"","format":"standard","meta":{"sfsi_plus_gutenberg_text_before_share":"","sfsi_plus_gutenberg_show_text_before_share":"","sfsi_plus_gutenberg_icon_type":"","sfsi_plus_gutenberg_icon_alignemt":"","sfsi_plus_gutenburg_max_per_row":"","footnotes":""},"categories":[6],"tags":[],"class_list":["post-64590","post","type-post","status-publish","format-standard","has-post-thumbnail","hentry","category-cidades"],"_links":{"self":[{"href":"https:\/\/www.caririemacao.com\/1\/wp-json\/wp\/v2\/posts\/64590","targetHints":{"allow":["GET"]}}],"collection":[{"href":"https:\/\/www.caririemacao.com\/1\/wp-json\/wp\/v2\/posts"}],"about":[{"href":"https:\/\/www.caririemacao.com\/1\/wp-json\/wp\/v2\/types\/post"}],"author":[{"embeddable":true,"href":"https:\/\/www.caririemacao.com\/1\/wp-json\/wp\/v2\/users\/1"}],"replies":[{"embeddable":true,"href":"https:\/\/www.caririemacao.com\/1\/wp-json\/wp\/v2\/comments?post=64590"}],"version-history":[{"count":1,"href":"https:\/\/www.caririemacao.com\/1\/wp-json\/wp\/v2\/posts\/64590\/revisions"}],"predecessor-version":[{"id":64591,"href":"https:\/\/www.caririemacao.com\/1\/wp-json\/wp\/v2\/posts\/64590\/revisions\/64591"}],"wp:featuredmedia":[{"embeddable":true,"href":"https:\/\/www.caririemacao.com\/1\/wp-json\/wp\/v2\/media\/47455"}],"wp:attachment":[{"href":"https:\/\/www.caririemacao.com\/1\/wp-json\/wp\/v2\/media?parent=64590"}],"wp:term":[{"taxonomy":"category","embeddable":true,"href":"https:\/\/www.caririemacao.com\/1\/wp-json\/wp\/v2\/categories?post=64590"},{"taxonomy":"post_tag","embeddable":true,"href":"https:\/\/www.caririemacao.com\/1\/wp-json\/wp\/v2\/tags?post=64590"}],"curies":[{"name":"wp","href":"https:\/\/api.w.org\/{rel}","templated":true}]}}