{"id":64600,"date":"2018-09-10T13:00:39","date_gmt":"2018-09-10T16:00:39","guid":{"rendered":"http:\/\/www.caririemacao.com\/1\/?p=64600"},"modified":"2018-09-10T19:21:04","modified_gmt":"2018-09-10T22:21:04","slug":"urgente-acidente-envolvendo-caminhao-deixa-um-morto-e-varios-feridos-no-cariri","status":"publish","type":"post","link":"https:\/\/www.caririemacao.com\/1\/2018\/09\/10\/urgente-acidente-envolvendo-caminhao-deixa-um-morto-e-varios-feridos-no-cariri\/","title":{"rendered":"Urgente Acidente envolvendo caminh\u00e3o deixa um morto e v\u00e1rios feridos no Cariri"},"content":{"rendered":"<p>Um grave acidente ocorreu na manh\u00e3 desta segunda-feira (10) na PB 214, rodovia que liga Sum\u00e9 ao Congo. O carro tinha placa de S\u00e3o Domingos do Cariri e pelo menos 6 pessoas estavam no ve\u00edculo.<\/p>\n<p>Segundo informa\u00e7\u00f5es, uma pessoa morreu no local e ainda n\u00e3o foi identificado. Outras duas v\u00edtimas deram entrada no Hospital Alice Almeida, em Sum\u00e9: o motorista Luiz Manoel Gon\u00e7alves, conhecido como Luiz do Galeto, e seu filho Tadeu Oliveira Neves, de 24 anos, que teve o bra\u00e7o decepado e um corte na cabe\u00e7a. Ele foi transferido para o Trauma de Campina Grande.<\/p>\n<p>Outra pessoa foi levada para o Hospital de Monteiro. Todos os feridos foram socorridos pelo Samu de Sum\u00e9.<\/p>\n<p>Ainda de acordo com informa\u00e7\u00f5es recebidas, o acidente foi provocado por uma ultrapassagem indevida por parte do motorista do caminh\u00e3o. Ele acabou perdendo o controle do ve\u00edculo e capotou.<\/p>\n<p><strong>De Olho no Cariri<\/strong><\/p>\n<p>Cariri Em A\u00e7\u00e3o<\/p>\n<p>Leia mais not\u00edcias em\u00a0<a href=\"http:\/\/www.caririemacao.com\/\">caririemacao.com<\/a>, siga nossa p\u00e1gina no\u00a0<a href=\"https:\/\/www.facebook.com\/CaririEmAcao\/?ref=aymt_homepage_panel\">Facebook<\/a>,\u00a0<a href=\"https:\/\/www.instagram.com\/cariri_em_acao\/?hl=pt-br\">Instagram<\/a>\u00a0e\u00a0<a href=\"https:\/\/www.youtube.com\/channel\/UCAptA0jQuYQy8vMhLt2m4qg\">Youtube<\/a>\u00a0e veja nossas mat\u00e9rias, v\u00eddeos e fotos. Voc\u00ea tamb\u00e9m pode enviar informa\u00e7\u00f5es \u00e0 Reda\u00e7\u00e3o do Portal Cariri em A\u00e7\u00e3o pelo WhatsApp (83) 9 9634.5791, (83) 9 9601-1162.<\/p>\n","protected":false},"excerpt":{"rendered":"<p>Um grave acidente ocorreu na manh\u00e3 desta segunda-feira (10) na PB 214, rodovia que liga Sum\u00e9 ao Congo. O carro tinha placa de S\u00e3o Domingos&hellip; <\/p>\n","protected":false},"author":1,"featured_media":64601,"comment_status":"closed","ping_status":"closed","sticky":false,"template":"","format":"standard","meta":{"sfsi_plus_gutenberg_text_before_share":"","sfsi_plus_gutenberg_show_text_before_share":"","sfsi_plus_gutenberg_icon_type":"","sfsi_plus_gutenberg_icon_alignemt":"","sfsi_plus_gutenburg_max_per_row":"","footnotes":""},"categories":[12],"tags":[],"class_list":["post-64600","post","type-post","status-publish","format-standard","has-post-thumbnail","hentry","category-policia"],"_links":{"self":[{"href":"https:\/\/www.caririemacao.com\/1\/wp-json\/wp\/v2\/posts\/64600","targetHints":{"allow":["GET"]}}],"collection":[{"href":"https:\/\/www.caririemacao.com\/1\/wp-json\/wp\/v2\/posts"}],"about":[{"href":"https:\/\/www.caririemacao.com\/1\/wp-json\/wp\/v2\/types\/post"}],"author":[{"embeddable":true,"href":"https:\/\/www.caririemacao.com\/1\/wp-json\/wp\/v2\/users\/1"}],"replies":[{"embeddable":true,"href":"https:\/\/www.caririemacao.com\/1\/wp-json\/wp\/v2\/comments?post=64600"}],"version-history":[{"count":1,"href":"https:\/\/www.caririemacao.com\/1\/wp-json\/wp\/v2\/posts\/64600\/revisions"}],"predecessor-version":[{"id":64602,"href":"https:\/\/www.caririemacao.com\/1\/wp-json\/wp\/v2\/posts\/64600\/revisions\/64602"}],"wp:featuredmedia":[{"embeddable":true,"href":"https:\/\/www.caririemacao.com\/1\/wp-json\/wp\/v2\/media\/64601"}],"wp:attachment":[{"href":"https:\/\/www.caririemacao.com\/1\/wp-json\/wp\/v2\/media?parent=64600"}],"wp:term":[{"taxonomy":"category","embeddable":true,"href":"https:\/\/www.caririemacao.com\/1\/wp-json\/wp\/v2\/categories?post=64600"},{"taxonomy":"post_tag","embeddable":true,"href":"https:\/\/www.caririemacao.com\/1\/wp-json\/wp\/v2\/tags?post=64600"}],"curies":[{"name":"wp","href":"https:\/\/api.w.org\/{rel}","templated":true}]}}