{"id":64606,"date":"2018-09-10T13:18:15","date_gmt":"2018-09-10T16:18:15","guid":{"rendered":"http:\/\/www.caririemacao.com\/1\/?p=64606"},"modified":"2018-09-10T13:18:15","modified_gmt":"2018-09-10T16:18:15","slug":"governo-elabora-protocolo-para-tratamento-de-obesidade","status":"publish","type":"post","link":"https:\/\/www.caririemacao.com\/1\/2018\/09\/10\/governo-elabora-protocolo-para-tratamento-de-obesidade\/","title":{"rendered":"Governo elabora protocolo para tratamento de obesidade"},"content":{"rendered":"<p>O Minist\u00e9rio da Sa\u00fade abriu uma enquete p\u00fablica para elaborar o primeiro Protocolo Cl\u00ednico e Diretrizes Terap\u00eauticas (PCDT) para tratamento de casos de obesidade e sobrepeso. O documento poder\u00e1 receber contribui\u00e7\u00f5es de representantes da sociedade civil e profissionais de sa\u00fade at\u00e9 o pr\u00f3ximo dia 11 de setembro.<\/p>\n<p>Segundo o Minist\u00e9rio, o objetivo \u00e9 aprimorar e qualificar o atendimento e a conduta terap\u00eautica de pacientes na aten\u00e7\u00e3o b\u00e1sica e especializada no Sistema \u00danico de Sa\u00fade (SUS). A pasta alerta que a ado\u00e7\u00e3o do protocolo pode contribuir para prevenir e controlar a obesidade e o sobrepeso no pa\u00eds, al\u00e9m de garantir mais seguran\u00e7a e efetividade cl\u00ednica e cient\u00edfica aos profissionais de sa\u00fade.<\/p>\n<p>A obesidade \u00e9 uma das doen\u00e7as que mais tem crescido nos \u00faltimos anos em n\u00edvel global. Dados da Organiza\u00e7\u00e3o Mundial de Sa\u00fade (OMS) mostram que os \u00edndices de obesidade e sobrepeso quase triplicaram desde 1975. Em todo o mundo, existem pelo menos 650 milh\u00f5es de obesos. No Brasil, um em cada cinco pessoas est\u00e3o obesas e mais da metade da popula\u00e7\u00e3o das capitais est\u00e3o com excesso de peso, segundo a Pesquisa de Vigil\u00e2ncia de Fatores de Risco e Prote\u00e7\u00e3o para Doen\u00e7as Cr\u00f4nicas por Inqu\u00e9rito Telef\u00f4nico (Vigitel).<\/p>\n<p>O impacto sobre o Sus tamb\u00e9m tem crescido. Em 2012, a rede p\u00fablica realizou pouco mais de mil cirurgias bari\u00e1tricas e reparadoras de pacientes obesos. O n\u00famero de interven\u00e7\u00f5es subiu para 8,1 mil, em 2016, segundo o Minist\u00e9rio da Sa\u00fade.<\/p>\n<p><strong>Participa\u00e7\u00e3o<\/strong><\/p>\n<p>A Sociedade Brasileira de Endocrinologia convocou a participa\u00e7\u00e3o de endocrinologistas na elabora\u00e7\u00e3o do protocolo. A Associa\u00e7\u00e3o Brasileira de Nutrologia (Abran) tamb\u00e9m se manifestou favor\u00e1vel \u00e0 contribui\u00e7\u00e3o dos nutr\u00f3logos para elaborar o protocolo, devido \u00e0 preocupa\u00e7\u00e3o com a gravidade e o aumento da doen\u00e7a na popula\u00e7\u00e3o.<\/p>\n<p>\u201cA obesidade \u00e9 uma doen\u00e7a cr\u00f4nica e multifatorial, que vai desde meio ambiente at\u00e9 condi\u00e7\u00e3o de alimenta\u00e7\u00e3o, meios de sa\u00fade e at\u00e9 gen\u00e9tica. Por ser considerada uma doen\u00e7a cr\u00f4nica, infelizmente, se voc\u00ea para de tratar, ela volta. Ela \u00e9 respons\u00e1vel por mais de 30 patologias, desde a hipertens\u00e3o, diabetes, colesterol elevado, infarto, acidente vascular cerebral e at\u00e9 c\u00e2ncer\u201d, alertou Dimitri Homar, representante da regional da Abran, em Bras\u00edlia.<\/p>\n<p>Uma das demandas que o especialista coloca \u00e9 a volta de medicamentos de baixo custo que auxiliavam no tratamento da obesidade e foram retirados do mercado pela Ag\u00eancia Nacional de Vigil\u00e2ncia Sanit\u00e1ria (Anvisa).<\/p>\n<p>O Minist\u00e9rio da Sa\u00fade explicou que a enquete garante a participa\u00e7\u00e3o popular desde a primeira etapa do processo de elabora\u00e7\u00e3o do protocolo, que ainda deve passar por consulta p\u00fablica para delibera\u00e7\u00e3o final.<\/p>\n<p><strong>Ag\u00eancia Brasil\u00a0<\/strong><\/p>\n<p>Cariri Em A\u00e7\u00e3o<\/p>\n<p>Leia mais not\u00edcias em\u00a0<a href=\"http:\/\/www.caririemacao.com\/\">caririemacao.com<\/a>, siga nossa p\u00e1gina no\u00a0<a href=\"https:\/\/www.facebook.com\/CaririEmAcao\/?ref=aymt_homepage_panel\">Facebook<\/a>,\u00a0<a href=\"https:\/\/www.instagram.com\/cariri_em_acao\/?hl=pt-br\">Instagram<\/a>\u00a0e\u00a0<a href=\"https:\/\/www.youtube.com\/channel\/UCAptA0jQuYQy8vMhLt2m4qg\">Youtube<\/a>\u00a0e veja nossas mat\u00e9rias, v\u00eddeos e fotos. Voc\u00ea tamb\u00e9m pode enviar informa\u00e7\u00f5es \u00e0 Reda\u00e7\u00e3o do Portal Cariri em A\u00e7\u00e3o pelo WhatsApp (83) 9 9634.5791, (83) 9 9601-1162.<\/p>\n","protected":false},"excerpt":{"rendered":"<p>O Minist\u00e9rio da Sa\u00fade abriu uma enquete p\u00fablica para elaborar o primeiro Protocolo Cl\u00ednico e Diretrizes Terap\u00eauticas (PCDT) para tratamento de casos de obesidade e&hellip; <\/p>\n","protected":false},"author":1,"featured_media":48793,"comment_status":"closed","ping_status":"closed","sticky":false,"template":"","format":"standard","meta":{"sfsi_plus_gutenberg_text_before_share":"","sfsi_plus_gutenberg_show_text_before_share":"","sfsi_plus_gutenberg_icon_type":"","sfsi_plus_gutenberg_icon_alignemt":"","sfsi_plus_gutenburg_max_per_row":"","footnotes":""},"categories":[16],"tags":[],"class_list":["post-64606","post","type-post","status-publish","format-standard","has-post-thumbnail","hentry","category-saude"],"_links":{"self":[{"href":"https:\/\/www.caririemacao.com\/1\/wp-json\/wp\/v2\/posts\/64606","targetHints":{"allow":["GET"]}}],"collection":[{"href":"https:\/\/www.caririemacao.com\/1\/wp-json\/wp\/v2\/posts"}],"about":[{"href":"https:\/\/www.caririemacao.com\/1\/wp-json\/wp\/v2\/types\/post"}],"author":[{"embeddable":true,"href":"https:\/\/www.caririemacao.com\/1\/wp-json\/wp\/v2\/users\/1"}],"replies":[{"embeddable":true,"href":"https:\/\/www.caririemacao.com\/1\/wp-json\/wp\/v2\/comments?post=64606"}],"version-history":[{"count":1,"href":"https:\/\/www.caririemacao.com\/1\/wp-json\/wp\/v2\/posts\/64606\/revisions"}],"predecessor-version":[{"id":64607,"href":"https:\/\/www.caririemacao.com\/1\/wp-json\/wp\/v2\/posts\/64606\/revisions\/64607"}],"wp:featuredmedia":[{"embeddable":true,"href":"https:\/\/www.caririemacao.com\/1\/wp-json\/wp\/v2\/media\/48793"}],"wp:attachment":[{"href":"https:\/\/www.caririemacao.com\/1\/wp-json\/wp\/v2\/media?parent=64606"}],"wp:term":[{"taxonomy":"category","embeddable":true,"href":"https:\/\/www.caririemacao.com\/1\/wp-json\/wp\/v2\/categories?post=64606"},{"taxonomy":"post_tag","embeddable":true,"href":"https:\/\/www.caririemacao.com\/1\/wp-json\/wp\/v2\/tags?post=64606"}],"curies":[{"name":"wp","href":"https:\/\/api.w.org\/{rel}","templated":true}]}}