{"id":64608,"date":"2018-09-10T13:23:51","date_gmt":"2018-09-10T16:23:51","guid":{"rendered":"http:\/\/www.caririemacao.com\/1\/?p=64608"},"modified":"2018-09-10T13:23:51","modified_gmt":"2018-09-10T16:23:51","slug":"cada-candidato-a-presidencia-tera-25-policiais-para-sua-seguranca","status":"publish","type":"post","link":"https:\/\/www.caririemacao.com\/1\/2018\/09\/10\/cada-candidato-a-presidencia-tera-25-policiais-para-sua-seguranca\/","title":{"rendered":"Cada candidato \u00e0 Presid\u00eancia ter\u00e1 25 policiais para sua seguran\u00e7a"},"content":{"rendered":"<p>Em nota divulgada ap\u00f3s a reuni\u00e3o, a PF diz que o encontro foi marcado \u201cem decorr\u00eancia da eleva\u00e7\u00e3o do n\u00edvel de alerta provocado por evento cr\u00edtico no decorrer da campanha\u201d, em uma refer\u00eancia ao ataque sofrido pelo candidato do PSL \u00e0 Presid\u00eancia da Rep\u00fablica, Jair Bolsonaro.<\/p>\n<p>Participaram do encontro representantes dos candidatos \u00c1lvaro Dias (Podemos), Marina Silva (Rede), Ciro Gomes (PDT) e Geraldo Alckmin. Nenhum representante do PSL compareceu \u00e0 reuni\u00e3o.<\/p>\n<p>De acordo com a assessoria da PF, desde o in\u00edcio da campanha, todos os presidenci\u00e1veis t\u00eam \u00e0 disposi\u00e7\u00e3o uma equipe de agentes integrados ao pessoal de seguran\u00e7a da campanha, mas s\u00f3 esses pediram o apoio.<\/p>\n<p>Nessa sexta-feira (7), ap\u00f3s participar do desfile comemorativo do 7\u00a0de Setembro, em Bras\u00edlia, o\u00a0ministro da Seguran\u00e7a P\u00fablica, Raul Jungmann, disse aos jornalistas\u00a0que o efetivo da PF\u00a0para a seguran\u00e7a dos candidatos \u00e0 Presid\u00eancia da Rep\u00fablica seria\u00a0ampliado em at\u00e9 60%, depois do\u00a0epis\u00f3dio de quinta-feira (6) envolvendo o candidato do PSL, que foi esfaqueado durante campanha no centro da cidade de\u00a0Juiz de Fora.<\/p>\n<p>De acordo com o ministro, atualmente 80 agentes da PF fazem a seguran\u00e7a de cinco presidenci\u00e1veis que solicitaram o servi\u00e7o, previsto em resolu\u00e7\u00e3o do Tribunal Superior Eleitoral (TSE), a partir do momento em que as candidaturas s\u00e3o oficializadas nas conven\u00e7\u00f5es eleitorais. Apesar da previs\u00e3o, ressaltou Jungmann, a prote\u00e7\u00e3o n\u00e3o \u00e9 autom\u00e1tica e precisa ser solicitada pelas campanhas. Al\u00e9m de Bolsonaro, a PF faz a seguran\u00e7a de Alvaro Dias (Pode), Ciro Gomes (PDT), Geraldo Alckimin (PSDB) e Marina Silva (Rede).<\/p>\n<p>Em nota divulgada ap\u00f3s a reuni\u00e3o, a PF diz que o encontro foi marcado \u201cem decorr\u00eancia da eleva\u00e7\u00e3o do n\u00edvel de alerta provocado por evento cr\u00edtico no decorrer da campanha\u201d, em uma refer\u00eancia ao ataque sofrido pelo candidato do PSL \u00e0 Presid\u00eancia da Rep\u00fablica, Jair Bolsonaro.<\/p>\n<p>Participaram do encontro representantes dos candidatos \u00c1lvaro Dias (Podemos), Marina Silva (Rede), Ciro Gomes (PDT) e Geraldo Alckmin. Nenhum representante do PSL compareceu \u00e0 reuni\u00e3o.<\/p>\n<p>De acordo com a assessoria da PF, desde o in\u00edcio da campanha, todos os presidenci\u00e1veis t\u00eam \u00e0 disposi\u00e7\u00e3o uma equipe de agentes integrados ao pessoal de seguran\u00e7a da campanha, mas s\u00f3 esses pediram o apoio.<\/p>\n<p>Nessa sexta-feira (7), ap\u00f3s participar do desfile comemorativo do 7\u00a0de Setembro, em Bras\u00edlia, o\u00a0ministro da Seguran\u00e7a P\u00fablica, Raul Jungmann, disse aos jornalistas\u00a0que o efetivo da PF\u00a0para a seguran\u00e7a dos candidatos \u00e0 Presid\u00eancia da Rep\u00fablica seria\u00a0ampliado em at\u00e9 60%, depois do\u00a0epis\u00f3dio de quinta-feira (6) envolvendo o candidato do PSL, que foi esfaqueado durante campanha no centro da cidade de\u00a0Juiz de Fora.<\/p>\n<p>De acordo com o ministro, atualmente 80 agentes da PF fazem a seguran\u00e7a de cinco presidenci\u00e1veis que solicitaram o servi\u00e7o, previsto em resolu\u00e7\u00e3o do Tribunal Superior Eleitoral (TSE), a partir do momento em que as candidaturas s\u00e3o oficializadas nas conven\u00e7\u00f5es eleitorais. Apesar da previs\u00e3o, ressaltou Jungmann, a prote\u00e7\u00e3o n\u00e3o \u00e9 autom\u00e1tica e precisa ser solicitada pelas campanhas. Al\u00e9m de Bolsonaro, a PF faz a seguran\u00e7a de Alvaro Dias (Pode), Ciro Gomes (PDT), Geraldo Alckimin (PSDB) e Marina Silva (Rede).<\/p>\n<p><strong>Ag\u00eancia Brasil\u00a0<\/strong><\/p>\n<p>Cariri Em A\u00e7\u00e3o<\/p>\n<p>Leia mais not\u00edcias em\u00a0<a href=\"http:\/\/www.caririemacao.com\/\">caririemacao.com<\/a>, siga nossa p\u00e1gina no\u00a0<a href=\"https:\/\/www.facebook.com\/CaririEmAcao\/?ref=aymt_homepage_panel\">Facebook<\/a>,\u00a0<a href=\"https:\/\/www.instagram.com\/cariri_em_acao\/?hl=pt-br\">Instagram<\/a>\u00a0e\u00a0<a href=\"https:\/\/www.youtube.com\/channel\/UCAptA0jQuYQy8vMhLt2m4qg\">Youtube<\/a>\u00a0e veja nossas mat\u00e9rias, v\u00eddeos e fotos. Voc\u00ea tamb\u00e9m pode enviar informa\u00e7\u00f5es \u00e0 Reda\u00e7\u00e3o do Portal Cariri em A\u00e7\u00e3o pelo WhatsApp (83) 9 9634.5791, (83) 9 9601-1162.<\/p>\n","protected":false},"excerpt":{"rendered":"<p>Em nota divulgada ap\u00f3s a reuni\u00e3o, a PF diz que o encontro foi marcado \u201cem decorr\u00eancia da eleva\u00e7\u00e3o do n\u00edvel de alerta provocado por evento&hellip; <\/p>\n","protected":false},"author":1,"featured_media":40003,"comment_status":"closed","ping_status":"closed","sticky":false,"template":"","format":"standard","meta":{"sfsi_plus_gutenberg_text_before_share":"","sfsi_plus_gutenberg_show_text_before_share":"","sfsi_plus_gutenberg_icon_type":"","sfsi_plus_gutenberg_icon_alignemt":"","sfsi_plus_gutenburg_max_per_row":"","footnotes":""},"categories":[1],"tags":[],"class_list":["post-64608","post","type-post","status-publish","format-standard","has-post-thumbnail","hentry","category-o-site"],"_links":{"self":[{"href":"https:\/\/www.caririemacao.com\/1\/wp-json\/wp\/v2\/posts\/64608","targetHints":{"allow":["GET"]}}],"collection":[{"href":"https:\/\/www.caririemacao.com\/1\/wp-json\/wp\/v2\/posts"}],"about":[{"href":"https:\/\/www.caririemacao.com\/1\/wp-json\/wp\/v2\/types\/post"}],"author":[{"embeddable":true,"href":"https:\/\/www.caririemacao.com\/1\/wp-json\/wp\/v2\/users\/1"}],"replies":[{"embeddable":true,"href":"https:\/\/www.caririemacao.com\/1\/wp-json\/wp\/v2\/comments?post=64608"}],"version-history":[{"count":1,"href":"https:\/\/www.caririemacao.com\/1\/wp-json\/wp\/v2\/posts\/64608\/revisions"}],"predecessor-version":[{"id":64609,"href":"https:\/\/www.caririemacao.com\/1\/wp-json\/wp\/v2\/posts\/64608\/revisions\/64609"}],"wp:featuredmedia":[{"embeddable":true,"href":"https:\/\/www.caririemacao.com\/1\/wp-json\/wp\/v2\/media\/40003"}],"wp:attachment":[{"href":"https:\/\/www.caririemacao.com\/1\/wp-json\/wp\/v2\/media?parent=64608"}],"wp:term":[{"taxonomy":"category","embeddable":true,"href":"https:\/\/www.caririemacao.com\/1\/wp-json\/wp\/v2\/categories?post=64608"},{"taxonomy":"post_tag","embeddable":true,"href":"https:\/\/www.caririemacao.com\/1\/wp-json\/wp\/v2\/tags?post=64608"}],"curies":[{"name":"wp","href":"https:\/\/api.w.org\/{rel}","templated":true}]}}