{"id":64618,"date":"2018-09-10T16:31:43","date_gmt":"2018-09-10T19:31:43","guid":{"rendered":"http:\/\/www.caririemacao.com\/1\/?p=64618"},"modified":"2018-09-10T16:31:43","modified_gmt":"2018-09-10T19:31:43","slug":"onu-emite-novo-parecer-que-garante-candidatura-de-lula","status":"publish","type":"post","link":"https:\/\/www.caririemacao.com\/1\/2018\/09\/10\/onu-emite-novo-parecer-que-garante-candidatura-de-lula\/","title":{"rendered":"ONU emite novo parecer que garante candidatura de Lula"},"content":{"rendered":"<div class=\"post-image\">\n<div class=\"wp-caption aligncenter\">\n<p class=\"wp-caption-text\">O advogado de\u00a0Lula, Cristiano Zanin, concedeu\u00a0coletiva \u00e0 imprensa nesta segunda-feira\u00a0(10), ap\u00f3s visita ao ex-presidente. Ele declarou que o Comit\u00ea de\u00a0Direitos Humanos\u00a0da\u00a0ONU\u00a0emitiu nova decis\u00e3o reafirmando a necessidade de garantir a candidatura \u00e0 presid\u00eancia de\u00a0Lula.<\/p>\n<\/div>\n<\/div>\n<p>\u201cN\u00f3s recebemos, hoje, do Comit\u00ea de Direitos Humanos da ONU uma nova determina\u00e7\u00e3o que refor\u00e7a que o Brasil est\u00e1 vinculado e portanto est\u00e1 obrigado a dar cumprimento a determina\u00e7\u00e3o do Comit\u00ea\u201d, declarou Zanin.<\/p>\n<p>O novo documento \u00e9 uma resposta ao pedido da defesa do ex-presidente de que o Comit\u00ea de Direitos Humanos da ONU se pronunciasse pelo descumprimento do pa\u00eds \u00e0 determina\u00e7\u00e3o.\u00a0\u201cN\u00f3s hav\u00edamos pedido ao Comit\u00ea que se manifestasse sobre o posicionamento de autoridades brasileiras que haviam negado o cumprimento da decis\u00e3o do \u00faltimo dia 17, esse requerimento \u00e9 uma resposta\u201d, disse Zanin.<\/p>\n<p>O advogado disse ainda que a defesa j\u00e1 havia entrado com recursos no\u00a0STF\u00a0e agora ir\u00e1 estudar e levar essa nova determina\u00e7\u00e3o, como complemento, ao Tribunal.<\/p>\n<p>\u201cO Estado Parte n\u00e3o pode invocar sua lei interna para descumprir uma decis\u00e3o do Comit\u00ea de Direitos Humanos da ONU. \u00c9\u00a0uma decis\u00e3o que o Brasil deve cumprir\u201d, afirmou.<\/p>\n<p>Zanin explicou tamb\u00e9m porque apenas dois integrantes do Comit\u00ea de Direitos Humanos da ONU haviam se manifestado sobre a necessidade de cumprimento do\u00a0parecer enviado no dia 17 de agosto.\u00a0\u201cO nosso entendimento \u00e9 que essa medida liminar foi dada pela ONU por meio de dois representantes que s\u00e3o escolhidos pelo pr\u00f3prio Comit\u00ea, \u00e9 uma\u00a0pol\u00edtica\u00a0deles\u201d.<\/p>\n<p><strong>Partido dos Trabalhadores <\/strong><\/p>\n<p>Cariri Em A\u00e7\u00e3o<\/p>\n<p>Leia mais not\u00edcias em\u00a0<a href=\"http:\/\/www.caririemacao.com\/\">caririemacao.com<\/a>, siga nossa p\u00e1gina no\u00a0<a href=\"https:\/\/www.facebook.com\/CaririEmAcao\/?ref=aymt_homepage_panel\">Facebook<\/a>,\u00a0<a href=\"https:\/\/www.instagram.com\/cariri_em_acao\/?hl=pt-br\">Instagram<\/a>\u00a0e\u00a0<a href=\"https:\/\/www.youtube.com\/channel\/UCAptA0jQuYQy8vMhLt2m4qg\">Youtube<\/a>\u00a0e veja nossas mat\u00e9rias, v\u00eddeos e fotos. Voc\u00ea tamb\u00e9m pode enviar informa\u00e7\u00f5es \u00e0 Reda\u00e7\u00e3o do Portal Cariri em A\u00e7\u00e3o pelo WhatsApp (83) 9 9634.5791, (83) 9 9601-1162.<\/p>\n","protected":false},"excerpt":{"rendered":"<p>O advogado de\u00a0Lula, Cristiano Zanin, concedeu\u00a0coletiva \u00e0 imprensa nesta segunda-feira\u00a0(10), ap\u00f3s visita ao ex-presidente. Ele declarou que o Comit\u00ea de\u00a0Direitos Humanos\u00a0da\u00a0ONU\u00a0emitiu nova decis\u00e3o reafirmando a&hellip; <\/p>\n","protected":false},"author":1,"featured_media":17435,"comment_status":"closed","ping_status":"closed","sticky":false,"template":"","format":"standard","meta":{"sfsi_plus_gutenberg_text_before_share":"","sfsi_plus_gutenberg_show_text_before_share":"","sfsi_plus_gutenberg_icon_type":"","sfsi_plus_gutenberg_icon_alignemt":"","sfsi_plus_gutenburg_max_per_row":"","footnotes":""},"categories":[1],"tags":[],"class_list":["post-64618","post","type-post","status-publish","format-standard","has-post-thumbnail","hentry","category-o-site"],"_links":{"self":[{"href":"https:\/\/www.caririemacao.com\/1\/wp-json\/wp\/v2\/posts\/64618","targetHints":{"allow":["GET"]}}],"collection":[{"href":"https:\/\/www.caririemacao.com\/1\/wp-json\/wp\/v2\/posts"}],"about":[{"href":"https:\/\/www.caririemacao.com\/1\/wp-json\/wp\/v2\/types\/post"}],"author":[{"embeddable":true,"href":"https:\/\/www.caririemacao.com\/1\/wp-json\/wp\/v2\/users\/1"}],"replies":[{"embeddable":true,"href":"https:\/\/www.caririemacao.com\/1\/wp-json\/wp\/v2\/comments?post=64618"}],"version-history":[{"count":1,"href":"https:\/\/www.caririemacao.com\/1\/wp-json\/wp\/v2\/posts\/64618\/revisions"}],"predecessor-version":[{"id":64619,"href":"https:\/\/www.caririemacao.com\/1\/wp-json\/wp\/v2\/posts\/64618\/revisions\/64619"}],"wp:featuredmedia":[{"embeddable":true,"href":"https:\/\/www.caririemacao.com\/1\/wp-json\/wp\/v2\/media\/17435"}],"wp:attachment":[{"href":"https:\/\/www.caririemacao.com\/1\/wp-json\/wp\/v2\/media?parent=64618"}],"wp:term":[{"taxonomy":"category","embeddable":true,"href":"https:\/\/www.caririemacao.com\/1\/wp-json\/wp\/v2\/categories?post=64618"},{"taxonomy":"post_tag","embeddable":true,"href":"https:\/\/www.caririemacao.com\/1\/wp-json\/wp\/v2\/tags?post=64618"}],"curies":[{"name":"wp","href":"https:\/\/api.w.org\/{rel}","templated":true}]}}