{"id":64622,"date":"2018-09-10T18:03:49","date_gmt":"2018-09-10T21:03:49","guid":{"rendered":"http:\/\/www.caririemacao.com\/1\/?p=64622"},"modified":"2018-09-10T18:03:49","modified_gmt":"2018-09-10T21:03:49","slug":"suspeita-de-mandar-matar-pm-juliane-e-presa-em-sao-paulo","status":"publish","type":"post","link":"https:\/\/www.caririemacao.com\/1\/2018\/09\/10\/suspeita-de-mandar-matar-pm-juliane-e-presa-em-sao-paulo\/","title":{"rendered":"Suspeita de mandar matar PM Juliane \u00e9 presa em S\u00e3o Paulo"},"content":{"rendered":"<p>A Pol\u00edcia de S\u00e3o Paulo prendeu nesta segunda-feira (10) uma mulher conhecida como &#8220;Neguinha&#8221;, que seria a chefe do tr\u00e1fico de drogas na comunidade de Parais\u00f3polis, zona oeste de S\u00e3o Paulo,\u00a0suspeita de mandar matar a policial militar Juliane Duarte dos Santos.<\/p>\n<p>A PM Juliane desapareceu na madrugada do dia 2 de agosto, depois de ir em uma festa na comunidade de Parais\u00f3polis, regi\u00e3o do Morumbi, zona oeste de S\u00e3o Paulo. Testemunhas disseram que ela esteve envolvida em um briga em um bar no bairro.<\/p>\n<p>O corpo da soldado Juliane foi encontrado dentro de carro pr\u00f3ximo\u00a0\u00e0 Ponte do Socorro, na zona sul de S\u00e3o Paulo, quantro dias depois de seu desaparecimento. Ela estava dentro de um ve\u00edculo Honda Civic estacionado.<\/p>\n<p>A v\u00edtima vestia uma cal\u00e7a camuflada semelhante \u00e0 que era usada pela policial Juliane quando despareceu, na madrugada do dia 2 de agosto.<\/p>\n<p><strong>Investiga\u00e7\u00e3o<\/strong><\/p>\n<p>Policial militar Juliane pode ter sido assassinada dentro do porta-malas do carro em que foi encontrada. Os peritos da Pol\u00edcia Cient\u00edfica avaliaram que a morte da policial, provavelmente, ocorreu na domingo (5).<\/p>\n<p>Dentro do porta-mala, os peritos encontraram uma bala de pistola ponto 40, a mesma que \u00e9 usada por policiais militares. O carro onde estava o corpo da PM Juliane, um Honda Civic, foi abandonado na rua Cristalino Rolim de Freitas, 50, no bairro Campo Grande, na quinta-feira. A chave estava no contato.<\/p>\n<p>Um morador ligou diversas vezes para a pol\u00edcia, mas como n\u00e3o havia comunica\u00e7\u00e3o de furto do ve\u00edculo, somente na segunda-feira (6), uma equipe da PM foi ao endere\u00e7o.<\/p>\n<p>A pol\u00edcia est\u00e1 investigando se o carro foi clonado e est\u00e1 levandando imagens de c\u00e2meras de seguran\u00e7a que possam ter flagrado o motorista.<\/p>\n<p><em><strong>R7\/Foto: Internet\u00a0<\/strong><\/em><\/p>\n","protected":false},"excerpt":{"rendered":"<p>A Pol\u00edcia de S\u00e3o Paulo prendeu nesta segunda-feira (10) uma mulher conhecida como &#8220;Neguinha&#8221;, que seria a chefe do tr\u00e1fico de drogas na comunidade de&hellip; <\/p>\n","protected":false},"author":1,"featured_media":64623,"comment_status":"closed","ping_status":"closed","sticky":false,"template":"","format":"standard","meta":{"sfsi_plus_gutenberg_text_before_share":"","sfsi_plus_gutenberg_show_text_before_share":"","sfsi_plus_gutenberg_icon_type":"","sfsi_plus_gutenberg_icon_alignemt":"","sfsi_plus_gutenburg_max_per_row":"","footnotes":""},"categories":[12],"tags":[],"class_list":["post-64622","post","type-post","status-publish","format-standard","has-post-thumbnail","hentry","category-policia"],"_links":{"self":[{"href":"https:\/\/www.caririemacao.com\/1\/wp-json\/wp\/v2\/posts\/64622","targetHints":{"allow":["GET"]}}],"collection":[{"href":"https:\/\/www.caririemacao.com\/1\/wp-json\/wp\/v2\/posts"}],"about":[{"href":"https:\/\/www.caririemacao.com\/1\/wp-json\/wp\/v2\/types\/post"}],"author":[{"embeddable":true,"href":"https:\/\/www.caririemacao.com\/1\/wp-json\/wp\/v2\/users\/1"}],"replies":[{"embeddable":true,"href":"https:\/\/www.caririemacao.com\/1\/wp-json\/wp\/v2\/comments?post=64622"}],"version-history":[{"count":1,"href":"https:\/\/www.caririemacao.com\/1\/wp-json\/wp\/v2\/posts\/64622\/revisions"}],"predecessor-version":[{"id":64624,"href":"https:\/\/www.caririemacao.com\/1\/wp-json\/wp\/v2\/posts\/64622\/revisions\/64624"}],"wp:featuredmedia":[{"embeddable":true,"href":"https:\/\/www.caririemacao.com\/1\/wp-json\/wp\/v2\/media\/64623"}],"wp:attachment":[{"href":"https:\/\/www.caririemacao.com\/1\/wp-json\/wp\/v2\/media?parent=64622"}],"wp:term":[{"taxonomy":"category","embeddable":true,"href":"https:\/\/www.caririemacao.com\/1\/wp-json\/wp\/v2\/categories?post=64622"},{"taxonomy":"post_tag","embeddable":true,"href":"https:\/\/www.caririemacao.com\/1\/wp-json\/wp\/v2\/tags?post=64622"}],"curies":[{"name":"wp","href":"https:\/\/api.w.org\/{rel}","templated":true}]}}