{"id":64626,"date":"2018-09-10T18:43:15","date_gmt":"2018-09-10T21:43:15","guid":{"rendered":"http:\/\/www.caririemacao.com\/1\/?p=64626"},"modified":"2018-09-10T18:43:15","modified_gmt":"2018-09-10T21:43:15","slug":"grupo-suspeito-de-explodir-pb-1-e-preso-com-fuzil-em-flat-na-orla-de-manaira","status":"publish","type":"post","link":"https:\/\/www.caririemacao.com\/1\/2018\/09\/10\/grupo-suspeito-de-explodir-pb-1-e-preso-com-fuzil-em-flat-na-orla-de-manaira\/","title":{"rendered":"Grupo suspeito de explodir PB-1 \u00e9 preso com fuzil em flat na orla de Mana\u00edra"},"content":{"rendered":"<p>Uma opera\u00e7\u00e3o da Pol\u00edcia Miliar prendeu, na tarde desta segunda-feira (10), cinco suspeitos de participa\u00e7\u00e3o na explos\u00e3o do Pres\u00eddio de Seguran\u00e7a M\u00e1xima da Para\u00edba Romeu Gon\u00e7alves de Abrantes, o PB1 em Jacarap\u00e9.<\/p>\n<p>De acordo com a Pol\u00edcia Militar, o grupo estava hospedado em um flat na avenida Jo\u00e3o Maur\u00edcio, na orla de Mana\u00edra. Com os suspeitos, foi apreendido um dos fuzis e outras armas que teriam sido utilizado na a\u00e7\u00e3o.<\/p>\n<p>Segundo as primeiras informa\u00e7\u00f5es obtidas pela pol\u00edcia, a quadrilha \u00e9 de Campina Grande.<\/p>\n<p><img fetchpriority=\"high\" decoding=\"async\" class=\"aligncenter size-full wp-image-10742\" src=\"http:\/\/hora1pb.com.br\/wp-content\/uploads\/2018\/09\/69277542-DE7B-4389-B064-6D12FAC4443C.jpeg\" alt=\"\" width=\"600\" height=\"400\" \/><\/p>\n<p><img decoding=\"async\" class=\"aligncenter size-full wp-image-10743 lazyload\" data-src=\"http:\/\/hora1pb.com.br\/wp-content\/uploads\/2018\/09\/07A3D79E-7081-4C24-88EE-1BCCAC3D6B25.jpeg\" alt=\"\" width=\"600\" height=\"400\" src=\"data:image\/svg+xml;base64,PHN2ZyB3aWR0aD0iMSIgaGVpZ2h0PSIxIiB4bWxucz0iaHR0cDovL3d3dy53My5vcmcvMjAwMC9zdmciPjwvc3ZnPg==\" style=\"--smush-placeholder-width: 600px; --smush-placeholder-aspect-ratio: 600\/400;\" \/><\/p>\n<p><strong>Hora1PB<\/strong><\/p>\n<p>Cariri Em A\u00e7\u00e3o<\/p>\n<p>Leia mais not\u00edcias em\u00a0<a href=\"http:\/\/www.caririemacao.com\/\">caririemacao.com<\/a>, siga nossa p\u00e1gina no\u00a0<a href=\"https:\/\/www.facebook.com\/CaririEmAcao\/?ref=aymt_homepage_panel\">Facebook<\/a>,\u00a0<a href=\"https:\/\/www.instagram.com\/cariri_em_acao\/?hl=pt-br\">Instagram<\/a>\u00a0e\u00a0<a href=\"https:\/\/www.youtube.com\/channel\/UCAptA0jQuYQy8vMhLt2m4qg\">Youtube<\/a>\u00a0e veja nossas mat\u00e9rias, v\u00eddeos e fotos. Voc\u00ea tamb\u00e9m pode enviar informa\u00e7\u00f5es \u00e0 Reda\u00e7\u00e3o do Portal Cariri em A\u00e7\u00e3o pelo WhatsApp (83) 9 9634.5791, (83) 9 9601-1162.<\/p>\n","protected":false},"excerpt":{"rendered":"<p>Uma opera\u00e7\u00e3o da Pol\u00edcia Miliar prendeu, na tarde desta segunda-feira (10), cinco suspeitos de participa\u00e7\u00e3o na explos\u00e3o do Pres\u00eddio de Seguran\u00e7a M\u00e1xima da Para\u00edba Romeu&hellip; <\/p>\n","protected":false},"author":1,"featured_media":64627,"comment_status":"closed","ping_status":"closed","sticky":false,"template":"","format":"standard","meta":{"sfsi_plus_gutenberg_text_before_share":"","sfsi_plus_gutenberg_show_text_before_share":"","sfsi_plus_gutenberg_icon_type":"","sfsi_plus_gutenberg_icon_alignemt":"","sfsi_plus_gutenburg_max_per_row":"","footnotes":""},"categories":[12],"tags":[],"class_list":["post-64626","post","type-post","status-publish","format-standard","has-post-thumbnail","hentry","category-policia"],"_links":{"self":[{"href":"https:\/\/www.caririemacao.com\/1\/wp-json\/wp\/v2\/posts\/64626","targetHints":{"allow":["GET"]}}],"collection":[{"href":"https:\/\/www.caririemacao.com\/1\/wp-json\/wp\/v2\/posts"}],"about":[{"href":"https:\/\/www.caririemacao.com\/1\/wp-json\/wp\/v2\/types\/post"}],"author":[{"embeddable":true,"href":"https:\/\/www.caririemacao.com\/1\/wp-json\/wp\/v2\/users\/1"}],"replies":[{"embeddable":true,"href":"https:\/\/www.caririemacao.com\/1\/wp-json\/wp\/v2\/comments?post=64626"}],"version-history":[{"count":1,"href":"https:\/\/www.caririemacao.com\/1\/wp-json\/wp\/v2\/posts\/64626\/revisions"}],"predecessor-version":[{"id":64628,"href":"https:\/\/www.caririemacao.com\/1\/wp-json\/wp\/v2\/posts\/64626\/revisions\/64628"}],"wp:featuredmedia":[{"embeddable":true,"href":"https:\/\/www.caririemacao.com\/1\/wp-json\/wp\/v2\/media\/64627"}],"wp:attachment":[{"href":"https:\/\/www.caririemacao.com\/1\/wp-json\/wp\/v2\/media?parent=64626"}],"wp:term":[{"taxonomy":"category","embeddable":true,"href":"https:\/\/www.caririemacao.com\/1\/wp-json\/wp\/v2\/categories?post=64626"},{"taxonomy":"post_tag","embeddable":true,"href":"https:\/\/www.caririemacao.com\/1\/wp-json\/wp\/v2\/tags?post=64626"}],"curies":[{"name":"wp","href":"https:\/\/api.w.org\/{rel}","templated":true}]}}