{"id":64629,"date":"2018-09-10T18:46:56","date_gmt":"2018-09-10T21:46:56","guid":{"rendered":"http:\/\/www.caririemacao.com\/1\/?p=64629"},"modified":"2018-09-10T18:46:56","modified_gmt":"2018-09-10T21:46:56","slug":"governador-admite-que-nao-tem-como-reagir-a-ataques-como-o-do-pb1","status":"publish","type":"post","link":"https:\/\/www.caririemacao.com\/1\/2018\/09\/10\/governador-admite-que-nao-tem-como-reagir-a-ataques-como-o-do-pb1\/","title":{"rendered":"Governador admite que n\u00e3o tem como reagir a ataques como o do PB1"},"content":{"rendered":"<p>O governador do Estado da Para\u00edba, Ricardo Coutinho (PSB), admitiu nesta segunda-feira (10), que n\u00e3o h\u00e1 como reagir a ataques como o ocorrido no Pres\u00eddio de Seguran\u00e7a M\u00e1xima PB1. De acordo com ele, as armas utilizadas pelos criminosos durante a a\u00e7\u00e3o t\u00eam caracter\u00edsticas das usadas por terroristas e que no Brasil a pol\u00edcia \u00e9 impedida de ter armas desse porte.<\/p>\n<p>\u201cA intelig\u00eancia que existe nos \u00f3rg\u00e3os, n\u00f3s trabalhamos diuturnamente. Coisas que n\u00e3o vou dizer porque s\u00f3 interessa a pol\u00edcia. Tem coisas que voc\u00ea evitar e tem coisas que n\u00e3o s\u00e3o poss\u00edveis evitar. Consegue reagir sim, agora aconteceu de uma forma como nunca aconteceu. Eles terem granada, explosivo, evidentemente que a rea\u00e7\u00e3o est\u00e1 fora do contexto dessa pergunta\u201d, falou ao ser questionado pelo\u00a0rep\u00f3rter \u00c9clinton Monteiro, da 98 FM\/Correio Sat.<\/p>\n<p>Ricardo acrescentou que o armamento utilizado pelos bandidos no ataque ao PB1 s\u00e3o proibidos para policiais. \u201cPrimeiro \u00e9 um ataque de uma organiza\u00e7\u00e3o criminosa utilizando recursos de terrorismo, que usam armas proibidas at\u00e9 para a pol\u00edcia. A Ponto 50, por exemplo, perfura uma parede daquela, que \u00e9 a parede que tem em todos os pres\u00eddios do Pa\u00eds. As pol\u00edcias n\u00e3o podem ter essas armas, mas aqui no Brasil os criminosos comumente t\u00eam acesso as essas armas\u201d, concluiu.<\/p>\n<p><strong>Hora1PB<\/strong><\/p>\n<p>Cariri Em A\u00e7\u00e3o<\/p>\n<p>Leia mais not\u00edcias em\u00a0<a href=\"http:\/\/www.caririemacao.com\/\">caririemacao.com<\/a>, siga nossa p\u00e1gina no\u00a0<a href=\"https:\/\/www.facebook.com\/CaririEmAcao\/?ref=aymt_homepage_panel\">Facebook<\/a>,\u00a0<a href=\"https:\/\/www.instagram.com\/cariri_em_acao\/?hl=pt-br\">Instagram<\/a>\u00a0e\u00a0<a href=\"https:\/\/www.youtube.com\/channel\/UCAptA0jQuYQy8vMhLt2m4qg\">Youtube<\/a>\u00a0e veja nossas mat\u00e9rias, v\u00eddeos e fotos. Voc\u00ea tamb\u00e9m pode enviar informa\u00e7\u00f5es \u00e0 Reda\u00e7\u00e3o do Portal Cariri em A\u00e7\u00e3o pelo WhatsApp (83) 9 9634.5791, (83) 9 9601-1162.<\/p>\n","protected":false},"excerpt":{"rendered":"<p>O governador do Estado da Para\u00edba, Ricardo Coutinho (PSB), admitiu nesta segunda-feira (10), que n\u00e3o h\u00e1 como reagir a ataques como o ocorrido no Pres\u00eddio&hellip; <\/p>\n","protected":false},"author":1,"featured_media":52147,"comment_status":"closed","ping_status":"closed","sticky":false,"template":"","format":"standard","meta":{"sfsi_plus_gutenberg_text_before_share":"","sfsi_plus_gutenberg_show_text_before_share":"","sfsi_plus_gutenberg_icon_type":"","sfsi_plus_gutenberg_icon_alignemt":"","sfsi_plus_gutenburg_max_per_row":"","footnotes":""},"categories":[11],"tags":[],"class_list":["post-64629","post","type-post","status-publish","format-standard","has-post-thumbnail","hentry","category-politica"],"_links":{"self":[{"href":"https:\/\/www.caririemacao.com\/1\/wp-json\/wp\/v2\/posts\/64629","targetHints":{"allow":["GET"]}}],"collection":[{"href":"https:\/\/www.caririemacao.com\/1\/wp-json\/wp\/v2\/posts"}],"about":[{"href":"https:\/\/www.caririemacao.com\/1\/wp-json\/wp\/v2\/types\/post"}],"author":[{"embeddable":true,"href":"https:\/\/www.caririemacao.com\/1\/wp-json\/wp\/v2\/users\/1"}],"replies":[{"embeddable":true,"href":"https:\/\/www.caririemacao.com\/1\/wp-json\/wp\/v2\/comments?post=64629"}],"version-history":[{"count":1,"href":"https:\/\/www.caririemacao.com\/1\/wp-json\/wp\/v2\/posts\/64629\/revisions"}],"predecessor-version":[{"id":64630,"href":"https:\/\/www.caririemacao.com\/1\/wp-json\/wp\/v2\/posts\/64629\/revisions\/64630"}],"wp:featuredmedia":[{"embeddable":true,"href":"https:\/\/www.caririemacao.com\/1\/wp-json\/wp\/v2\/media\/52147"}],"wp:attachment":[{"href":"https:\/\/www.caririemacao.com\/1\/wp-json\/wp\/v2\/media?parent=64629"}],"wp:term":[{"taxonomy":"category","embeddable":true,"href":"https:\/\/www.caririemacao.com\/1\/wp-json\/wp\/v2\/categories?post=64629"},{"taxonomy":"post_tag","embeddable":true,"href":"https:\/\/www.caririemacao.com\/1\/wp-json\/wp\/v2\/tags?post=64629"}],"curies":[{"name":"wp","href":"https:\/\/api.w.org\/{rel}","templated":true}]}}