{"id":64631,"date":"2018-09-10T18:52:51","date_gmt":"2018-09-10T21:52:51","guid":{"rendered":"http:\/\/www.caririemacao.com\/1\/?p=64631"},"modified":"2018-09-10T18:52:51","modified_gmt":"2018-09-10T21:52:51","slug":"pb-e-contemplada-em-edital-para-recursos-em-tecnologias-na-educacao","status":"publish","type":"post","link":"https:\/\/www.caririemacao.com\/1\/2018\/09\/10\/pb-e-contemplada-em-edital-para-recursos-em-tecnologias-na-educacao\/","title":{"rendered":"PB \u00e9 contemplada em edital para recursos em tecnologias na educa\u00e7\u00e3o"},"content":{"rendered":"<p>A Para\u00edba ficou entre os Estados contemplados na Chamada P\u00fablica: Educa\u00e7\u00e3o Conectada \u2013 Implementa\u00e7\u00e3o e Uso de Tecnologias Digitais na Educa\u00e7\u00e3o, promovida pelo Banco Nacional do Desenvolvimento (BNDES) e pelo Minist\u00e9rio da Educa\u00e7\u00e3o (MEC).<\/p>\n<p>A iniciativa teve como objetivo apoiar projetos de incorpora\u00e7\u00e3o de tecnologias digitais na educa\u00e7\u00e3o p\u00fablica, fomentando o uso da tecnologia como ferramenta pedag\u00f3gica nas escolas p\u00fablicas de educa\u00e7\u00e3o b\u00e1sica, testando modelos e criando casos de aprendizado nas diferentes realidades brasileiras.<\/p>\n<p>\u201cA Para\u00edba estava como suplente e entre todos os Estados que aguardavam na reserva apenas n\u00f3s fomos selecionados para pactuar o projeto. Agora vamos iniciar o planejamento e a execu\u00e7\u00e3o, que esperamos que se inicie ainda este ano\u201d, explicou o coordenador do Pronatec na Para\u00edba, Hebberty Dantas.<\/p>\n<p>Com a execu\u00e7\u00e3o do projeto, a Para\u00edba ir\u00e1 garantir conectividade e uso de tecnologia em sala de aula para 100% das Escolas Estaduais das cidades de Campina Grande e Sousa e 50% das escolas municipais dessas cidades. O investimento \u00e9 de R$ 4 milh\u00f5es.<\/p>\n<p>De acordo com Hebberty Dantas, o projeto envolve quatro dimens\u00f5es: vis\u00e3o, forma\u00e7\u00e3o, recursos e infraestrutura.<\/p>\n<p>Na primeira dimens\u00e3o ser\u00e3o tratados com toda a rede estadual, junto aos gestores das escolas e aos gerentes das regionais, para apresenta\u00e7\u00e3o da perspectiva do uso das tecnologias em sala de aula. Na segunda dimens\u00e3o, os professores das escolas ser\u00e3o contemplados com uma forma\u00e7\u00e3o para o uso das tecnologias. Na terceira dimens\u00e3o ser\u00e3o selecionados os recursos, ou seja, os tipos de softwares que ser\u00e3o utilizados em sala de aula e na quarta dimens\u00e3o ser\u00e3o selecionados os equipamentos a serem utilizados nas escolas.<\/p>\n<p>\u201cSabemos que apenas ter computadores nas escolas n\u00e3o soluciona a quest\u00e3o do uso de tecnologias em sala de aula, precisamos de muito mais do que isso, precisamos de mobilidade, do uso positivo do equipamento e principalmente da colabora\u00e7\u00e3o. Essas s\u00e3o as palavras chaves do nosso projeto\u201d, finalizou Hebberty Dantas.<\/p>\n<p><strong>Para\u00edba Online\u00a0\u00a0<\/strong><\/p>\n<p>Cariri Em A\u00e7\u00e3o<\/p>\n<p>Leia mais not\u00edcias em\u00a0<a href=\"http:\/\/www.caririemacao.com\/\">caririemacao.com<\/a>, siga nossa p\u00e1gina no\u00a0<a href=\"https:\/\/www.facebook.com\/CaririEmAcao\/?ref=aymt_homepage_panel\">Facebook<\/a>,\u00a0<a href=\"https:\/\/www.instagram.com\/cariri_em_acao\/?hl=pt-br\">Instagram<\/a>\u00a0e\u00a0<a href=\"https:\/\/www.youtube.com\/channel\/UCAptA0jQuYQy8vMhLt2m4qg\">Youtube<\/a>\u00a0e veja nossas mat\u00e9rias, v\u00eddeos e fotos. Voc\u00ea tamb\u00e9m pode enviar informa\u00e7\u00f5es \u00e0 Reda\u00e7\u00e3o do Portal Cariri em A\u00e7\u00e3o pelo WhatsApp (83) 9 9634.5791, (83) 9 9601-1162.<\/p>\n","protected":false},"excerpt":{"rendered":"<p>A Para\u00edba ficou entre os Estados contemplados na Chamada P\u00fablica: Educa\u00e7\u00e3o Conectada \u2013 Implementa\u00e7\u00e3o e Uso de Tecnologias Digitais na Educa\u00e7\u00e3o, promovida pelo Banco Nacional&hellip; <\/p>\n","protected":false},"author":1,"featured_media":64632,"comment_status":"closed","ping_status":"closed","sticky":false,"template":"","format":"standard","meta":{"sfsi_plus_gutenberg_text_before_share":"","sfsi_plus_gutenberg_show_text_before_share":"","sfsi_plus_gutenberg_icon_type":"","sfsi_plus_gutenberg_icon_alignemt":"","sfsi_plus_gutenburg_max_per_row":"","footnotes":""},"categories":[14],"tags":[],"class_list":["post-64631","post","type-post","status-publish","format-standard","has-post-thumbnail","hentry","category-educacao"],"_links":{"self":[{"href":"https:\/\/www.caririemacao.com\/1\/wp-json\/wp\/v2\/posts\/64631","targetHints":{"allow":["GET"]}}],"collection":[{"href":"https:\/\/www.caririemacao.com\/1\/wp-json\/wp\/v2\/posts"}],"about":[{"href":"https:\/\/www.caririemacao.com\/1\/wp-json\/wp\/v2\/types\/post"}],"author":[{"embeddable":true,"href":"https:\/\/www.caririemacao.com\/1\/wp-json\/wp\/v2\/users\/1"}],"replies":[{"embeddable":true,"href":"https:\/\/www.caririemacao.com\/1\/wp-json\/wp\/v2\/comments?post=64631"}],"version-history":[{"count":1,"href":"https:\/\/www.caririemacao.com\/1\/wp-json\/wp\/v2\/posts\/64631\/revisions"}],"predecessor-version":[{"id":64633,"href":"https:\/\/www.caririemacao.com\/1\/wp-json\/wp\/v2\/posts\/64631\/revisions\/64633"}],"wp:featuredmedia":[{"embeddable":true,"href":"https:\/\/www.caririemacao.com\/1\/wp-json\/wp\/v2\/media\/64632"}],"wp:attachment":[{"href":"https:\/\/www.caririemacao.com\/1\/wp-json\/wp\/v2\/media?parent=64631"}],"wp:term":[{"taxonomy":"category","embeddable":true,"href":"https:\/\/www.caririemacao.com\/1\/wp-json\/wp\/v2\/categories?post=64631"},{"taxonomy":"post_tag","embeddable":true,"href":"https:\/\/www.caririemacao.com\/1\/wp-json\/wp\/v2\/tags?post=64631"}],"curies":[{"name":"wp","href":"https:\/\/api.w.org\/{rel}","templated":true}]}}