{"id":64635,"date":"2018-09-10T19:33:29","date_gmt":"2018-09-10T22:33:29","guid":{"rendered":"http:\/\/www.caririemacao.com\/1\/?p=64635"},"modified":"2018-09-10T19:33:29","modified_gmt":"2018-09-10T22:33:29","slug":"jose-maranhao-promete-sistema-unico-de-seguranca-publica","status":"publish","type":"post","link":"https:\/\/www.caririemacao.com\/1\/2018\/09\/10\/jose-maranhao-promete-sistema-unico-de-seguranca-publica\/","title":{"rendered":"Jos\u00e9 Maranh\u00e3o promete Sistema \u00danico de Seguran\u00e7a P\u00fablica"},"content":{"rendered":"<p>O candidato a governador Jos\u00e9 Maranh\u00e3o (MDB) afirmou, nesta segunda-feira (10), que vai combater viol\u00eancia para &#8220;acabar com medo que toma conta da Para\u00edba&#8221;. Maranh\u00e3o, falou sobre o epis\u00f3dio preocupante que aconteceu na madrugada desta segunda-feira, em Jo\u00e3o Pessoa, no qual\u00a0105 presos fugiram da Penitenci\u00e1ria de Seguran\u00e7a M\u00e1xima PB1.<\/p>\n<p>\u201cA Para\u00edba mais uma vez acordou com medo&#8221;, lamentou. Jos\u00e9 Maranh\u00e3o disse que pretende, se eleito governador, mudar a atual situa\u00e7\u00e3o da seguran\u00e7a p\u00fablica.<\/p>\n<p>&#8220;Temos que recuperar a autoridade do estado. O que eles v\u00e3o invadir agora? O Pal\u00e1cio da Justi\u00e7a? O Pal\u00e1cio da Reden\u00e7\u00e3o? Quando o bandido n\u00e3o tem medo do estado, quem protege o cidad\u00e3o? Eu vou mudar esse cen\u00e1rio, restaurar a autoridade do Estado e garantir a sua seguran\u00e7a\u201d, afirmou Maranh\u00e3o, observando que o crime nunca chegou a &#8220;esse n\u00edvel de ousadia&#8221;.<\/p>\n<p>&#8220;Primeiro assassinaram um bombeiro dentro do quartel. Agora usaram armamentos e explosivos de \u00faltima gera\u00e7\u00e3o num pres\u00eddio de seguran\u00e7a m\u00e1xima. O estado precisa se desenvolver. A pol\u00edcia precisa ter informa\u00e7\u00e3o e\u00a0 condi\u00e7\u00f5es plena\u00a0 de investiga\u00e7\u00e3o. A pol\u00edcia n\u00e3o estava preparada, foi pega de surpresa. Os funcion\u00e1rios do pres\u00eddio tamb\u00e9m\u201d, refor\u00e7ou.<\/p>\n<p>O candidato tem defendido que \u00e9 necess\u00e1rio destinar mais aten\u00e7\u00e3o ao processo de moderniza\u00e7\u00e3o da Pol\u00edcia. Segundo ele, os efetivos est\u00e3o abaixo do necess\u00e1rio para\u00a0 enfrentar a viol\u00eancia crescente. Dentre os compromissos para Seguran\u00e7a P\u00fablica, Z\u00e9 Maranh\u00e3o promete apoio completo para implanta\u00e7\u00e3o do Sistema \u00danico de Seguran\u00e7a P\u00fablica.<\/p>\n<p><em><b>ClickPB\/Foto: Internet\u00a0<\/b><\/em><\/p>\n","protected":false},"excerpt":{"rendered":"<p>O candidato a governador Jos\u00e9 Maranh\u00e3o (MDB) afirmou, nesta segunda-feira (10), que vai combater viol\u00eancia para &#8220;acabar com medo que toma conta da Para\u00edba&#8221;. Maranh\u00e3o,&hellip; <\/p>\n","protected":false},"author":1,"featured_media":61328,"comment_status":"closed","ping_status":"closed","sticky":false,"template":"","format":"standard","meta":{"sfsi_plus_gutenberg_text_before_share":"","sfsi_plus_gutenberg_show_text_before_share":"","sfsi_plus_gutenberg_icon_type":"","sfsi_plus_gutenberg_icon_alignemt":"","sfsi_plus_gutenburg_max_per_row":"","footnotes":""},"categories":[1],"tags":[],"class_list":["post-64635","post","type-post","status-publish","format-standard","has-post-thumbnail","hentry","category-o-site"],"_links":{"self":[{"href":"https:\/\/www.caririemacao.com\/1\/wp-json\/wp\/v2\/posts\/64635","targetHints":{"allow":["GET"]}}],"collection":[{"href":"https:\/\/www.caririemacao.com\/1\/wp-json\/wp\/v2\/posts"}],"about":[{"href":"https:\/\/www.caririemacao.com\/1\/wp-json\/wp\/v2\/types\/post"}],"author":[{"embeddable":true,"href":"https:\/\/www.caririemacao.com\/1\/wp-json\/wp\/v2\/users\/1"}],"replies":[{"embeddable":true,"href":"https:\/\/www.caririemacao.com\/1\/wp-json\/wp\/v2\/comments?post=64635"}],"version-history":[{"count":1,"href":"https:\/\/www.caririemacao.com\/1\/wp-json\/wp\/v2\/posts\/64635\/revisions"}],"predecessor-version":[{"id":64637,"href":"https:\/\/www.caririemacao.com\/1\/wp-json\/wp\/v2\/posts\/64635\/revisions\/64637"}],"wp:featuredmedia":[{"embeddable":true,"href":"https:\/\/www.caririemacao.com\/1\/wp-json\/wp\/v2\/media\/61328"}],"wp:attachment":[{"href":"https:\/\/www.caririemacao.com\/1\/wp-json\/wp\/v2\/media?parent=64635"}],"wp:term":[{"taxonomy":"category","embeddable":true,"href":"https:\/\/www.caririemacao.com\/1\/wp-json\/wp\/v2\/categories?post=64635"},{"taxonomy":"post_tag","embeddable":true,"href":"https:\/\/www.caririemacao.com\/1\/wp-json\/wp\/v2\/tags?post=64635"}],"curies":[{"name":"wp","href":"https:\/\/api.w.org\/{rel}","templated":true}]}}