{"id":64646,"date":"2018-09-10T19:49:56","date_gmt":"2018-09-10T22:49:56","guid":{"rendered":"http:\/\/www.caririemacao.com\/1\/?p=64646"},"modified":"2018-09-10T19:49:56","modified_gmt":"2018-09-10T22:49:56","slug":"sume-divulga-calendario-de-inscricoes-do-garantia-safra-2018-2019","status":"publish","type":"post","link":"https:\/\/www.caririemacao.com\/1\/2018\/09\/10\/sume-divulga-calendario-de-inscricoes-do-garantia-safra-2018-2019\/","title":{"rendered":"Sum\u00e9 divulga calend\u00e1rio de inscri\u00e7\u00f5es do Garantia Safra 2018\/2019"},"content":{"rendered":"<p><a href=\"http:\/\/www.sume.pb.gov.br\/wp-content\/uploads\/2018\/09\/Garantia-Safra-533x300.jpg\" data-slb-active=\"1\" data-slb-asset=\"1886425672\" data-slb-internal=\"0\" data-slb-group=\"6079\"><img fetchpriority=\"high\" decoding=\"async\" class=\"wp-image-6080 size-full aligncenter\" src=\"http:\/\/www.sume.pb.gov.br\/wp-content\/uploads\/2018\/09\/Garantia-Safra-533x300.jpg\" sizes=\"(max-width: 533px) 100vw, 533px\" srcset=\"http:\/\/www.sume.pb.gov.br\/wp-content\/uploads\/2018\/09\/Garantia-Safra-533x300.jpg 533w, http:\/\/www.sume.pb.gov.br\/wp-content\/uploads\/2018\/09\/Garantia-Safra-533x300-300x169.jpg 300w\" alt=\"\" width=\"533\" height=\"300\" \/><\/a><\/p>\n<p>A Prefeitura de Sum\u00e9, em parceria com a Empresa de Assist\u00eancia T\u00e9cnica e Extens\u00e3o Rural (EMATER), divulgou o calend\u00e1rio para inscri\u00e7\u00f5es do Garantia Safra 2018\/2019 no munic\u00edpio.<\/p>\n<p>O Garantia-Safra \u00e9 um Programa Nacional de Fortalecimento da Agricultura Familiar (Pronaf). Uma a\u00e7\u00e3odirigida a agricultores familiares que vivem no semi\u00e1rido nordestino, estados do norte e Espirito Santo v\u00edtimas da seca ou excesso de chuvas.<\/p>\n<p><strong><u>CONFIRA O CRONOGRAMA:<\/u><\/strong><\/p>\n<p><strong>COMUNIDADE \u00a0\u00a0\u00a0\u00a0\u00a0\u00a0\u00a0\u00a0\u00a0\u00a0\u00a0\u00a0DATA\u00a0\u00a0\u00a0\u00a0\u00a0\u00a0\u00a0\u00a0\u00a0\u00a0\u00a0\u00a0\u00a0 TURNO\u00a0\u00a0\u00a0\u00a0\u00a0\u00a0\u00a0\u00a0\u00a0\u00a0\u00a0\u00a0\u00a0\u00a0\u00a0\u00a0 HOR\u00c1RIO<\/strong><\/p>\n<p>Macambira\u00a0\u00a0\u00a0\u00a0\u00a0\u00a0\u00a0\u00a0\u00a0\u00a0\u00a0\u00a0\u00a0\u00a0\u00a0\u00a0\u00a0\u00a0\u00a0 11\/09\/2018\u00a0\u00a0\u00a0\u00a0\u00a0\u00a0 Manh\u00e3\u00a0\u00a0\u00a0\u00a0\u00a0\u00a0\u00a0\u00a0\u00a0\u00a0\u00a0\u00a0\u00a0\u00a0\u00a0\u00a0\u00a0 08h \u00e0s 11h<\/p>\n<p>Maracaj\u00e1-Formigueiro\u00a0 11\/09\/2018\u00a0\u00a0\u00a0\u00a0\u00a0\u00a0 Tarde\u00a0\u00a0\u00a0\u00a0\u00a0\u00a0\u00a0\u00a0\u00a0 \u00a0\u00a0\u00a0\u00a0\u00a0\u00a0\u00a0\u00a0\u00a013h \u00e0s 14h<\/p>\n<p>Laginhas\u00a0\u00a0\u00a0\u00a0\u00a0\u00a0\u00a0\u00a0\u00a0\u00a0\u00a0\u00a0\u00a0\u00a0\u00a0\u00a0\u00a0\u00a0\u00a0\u00a0\u00a0\u00a0\u00a0 13\/09\/2018\u00a0\u00a0\u00a0\u00a0\u00a0\u00a0 Manh\u00e3\u00a0\u00a0\u00a0\u00a0\u00a0\u00a0\u00a0\u00a0\u00a0\u00a0\u00a0\u00a0\u00a0\u00a0\u00a0\u00a0\u00a0 08h \u00e0s 11h<\/p>\n<p>Concei\u00e7\u00e3o\u00a0\u00a0\u00a0\u00a0\u00a0\u00a0\u00a0\u00a0\u00a0\u00a0\u00a0\u00a0\u00a0\u00a0\u00a0\u00a0\u00a0\u00a0\u00a0\u00a0\u00a0 18\/09\/2018\u00a0\u00a0\u00a0\u00a0\u00a0\u00a0 Manh\u00e3\u00a0\u00a0\u00a0\u00a0\u00a0\u00a0\u00a0\u00a0\u00a0\u00a0\u00a0\u00a0\u00a0\u00a0\u00a0\u00a0\u00a0 08 \u00e0s 11h<\/p>\n<p>Riacho das Porteiras\u00a0\u00a0\u00a0\u00a0\u00a0 18\/09\/2018\u00a0\u00a0\u00a0\u00a0\u00a0\u00a0 Tarde\u00a0\u00a0\u00a0\u00a0\u00a0\u00a0\u00a0\u00a0\u00a0\u00a0\u00a0\u00a0\u00a0\u00a0\u00a0\u00a0\u00a0\u00a0 13h \u00e0s 14h00<\/p>\n<p>Pitombeira\u00a0\u00a0\u00a0\u00a0\u00a0\u00a0\u00a0\u00a0\u00a0\u00a0\u00a0\u00a0\u00a0\u00a0\u00a0\u00a0\u00a0\u00a0\u00a0\u00a0\u00a0\u00a0 19\/09\/2018\u00a0\u00a0\u00a0\u00a0\u00a0\u00a0 Manh\u00e3\u00a0\u00a0\u00a0\u00a0\u00a0\u00a0\u00a0\u00a0\u00a0\u00a0\u00a0\u00a0\u00a0\u00a0\u00a0\u00a0 08h \u00e0s 11h<\/p>\n<p>Riach\u00e3o\u00a0\u00a0\u00a0\u00a0\u00a0\u00a0\u00a0\u00a0\u00a0\u00a0\u00a0\u00a0\u00a0\u00a0\u00a0\u00a0\u00a0\u00a0\u00a0\u00a0\u00a0\u00a0\u00a0\u00a0\u00a0\u00a0\u00a0 19\/09\/2018\u00a0\u00a0\u00a0\u00a0\u00a0 Tarde\u00a0\u00a0\u00a0\u00a0\u00a0\u00a0\u00a0\u00a0\u00a0\u00a0\u00a0\u00a0\u00a0\u00a0\u00a0\u00a0\u00a0\u00a0 12h \u00e0s 13h<\/p>\n<p>Terra Vermelha\u00a0\u00a0\u00a0\u00a0\u00a0\u00a0\u00a0\u00a0\u00a0\u00a0\u00a0\u00a0 \u00a0\u00a0\u00a0\u00a020\/09\/2018\u00a0\u00a0\u00a0\u00a0\u00a0 Manh\u00e3\u00a0\u00a0\u00a0\u00a0\u00a0\u00a0\u00a0\u00a0\u00a0\u00a0\u00a0\u00a0\u00a0\u00a0\u00a0\u00a0\u00a0 07h30 \u00e0s 11h<\/p>\n<p>Santo Agostinho\u00a0\u00a0\u00a0\u00a0\u00a0\u00a0\u00a0\u00a0\u00a0\u00a0\u00a0\u00a0\u00a0\u00a0\u00a0 25\/09\/2018\u00a0\u00a0\u00a0\u00a0\u00a0 Manh\u00e3\u00a0\u00a0\u00a0\u00a0\u00a0\u00a0\u00a0\u00a0\u00a0\u00a0\u00a0\u00a0\u00a0\u00a0\u00a0\u00a0 08h \u00e0s 11h<\/p>\n<p>Passagem Rasa\u00a0\u00a0\u00a0\u00a0\u00a0\u00a0\u00a0\u00a0\u00a0\u00a0\u00a0\u00a0\u00a0\u00a0\u00a0 25\/09\/2018\u00a0\u00a0\u00a0 Tarde\u00a0\u00a0\u00a0\u00a0\u00a0\u00a0\u00a0\u00a0\u00a0\u00a0\u00a0\u00a0\u00a0\u00a0\u00a0\u00a0\u00a0\u00a0 13h \u00e0s 14h<\/p>\n<p>Pau D\u00b4arco\/Cai\u00e7ara\u00a0\u00a0\u00a0\u00a0\u00a0\u00a0\u00a0\u00a0\u00a0\u00a0 26\/09\/2018\u00a0\u00a0 \u00a0\u00a0\u00a0Manh\u00e3\u00a0\u00a0\u00a0\u00a0\u00a0\u00a0\u00a0\u00a0\u00a0\u00a0\u00a0\u00a0\u00a0\u00a0\u00a0\u00a0\u00a0 08h\u00e0s 11h<\/p>\n<p>Olho D \u00e1gua Branco\u00a0\u00a0\u00a0\u00a0\u00a0\u00a0\u00a0\u00a0\u00a0 26\/09\/2018\u00a0\u00a0\u00a0\u00a0\u00a0 Tarde\u00a0\u00a0\u00a0\u00a0\u00a0\u00a0\u00a0\u00a0\u00a0\u00a0\u00a0\u00a0\u00a0\u00a0\u00a0\u00a0\u00a0\u00a0\u00a0 12h\u00e0s 14h<\/p>\n<p>Carna\u00faba\u00a0\u00a0\u00a0\u00a0\u00a0\u00a0\u00a0\u00a0\u00a0\u00a0\u00a0\u00a0\u00a0\u00a0\u00a0\u00a0\u00a0\u00a0\u00a0\u00a0\u00a0\u00a0\u00a0\u00a0\u00a0\u00a0 27\/09\/2018\u00a0\u00a0\u00a0\u00a0\u00a0 Manh\u00e3\u00a0\u00a0\u00a0\u00a0\u00a0\u00a0\u00a0\u00a0\u00a0\u00a0\u00a0\u00a0\u00a0\u00a0\u00a0\u00a0\u00a0\u00a0 08h\u00e0s 10h<\/p>\n<p>Assentamento Mandacaru 03\/10\/2018\u00a0\u00a0\u00a0\u00a0\u00a0 Manh\u00e3\u00a0\u00a0\u00a0\u00a0\u00a0\u00a0\u00a0\u00a0\u00a0\u00a0\u00a0 \u00a0\u00a0\u00a0\u00a0\u00a0\u00a0\u00a008h\u00e0s 11h<\/p>\n<p>Brava\u00a0\u00a0\u00a0\u00a0\u00a0\u00a0\u00a0\u00a0\u00a0\u00a0\u00a0\u00a0\u00a0\u00a0\u00a0\u00a0\u00a0\u00a0\u00a0\u00a0\u00a0\u00a0\u00a0\u00a0\u00a0\u00a0\u00a0\u00a0\u00a0\u00a0\u00a0\u00a0\u00a0 03\/10\/2018\u00a0\u00a0\u00a0\u00a0\u00a0 Tarde\u00a0\u00a0\u00a0\u00a0\u00a0\u00a0\u00a0\u00a0\u00a0\u00a0\u00a0\u00a0\u00a0\u00a0\u00a0\u00a0\u00a0\u00a0\u00a0 13h\u00e0s 14h<\/p>\n<p>Jurema\u00a0\u00a0\u00a0\u00a0\u00a0\u00a0\u00a0\u00a0\u00a0\u00a0\u00a0\u00a0\u00a0\u00a0\u00a0\u00a0\u00a0\u00a0\u00a0\u00a0\u00a0\u00a0\u00a0\u00a0\u00a0\u00a0\u00a0\u00a0\u00a0\u00a0\u00a0 09\/10\/2018\u00a0\u00a0\u00a0\u00a0\u00a0 Manh\u00e3\u00a0\u00a0\u00a0\u00a0\u00a0\u00a0\u00a0\u00a0\u00a0\u00a0\u00a0\u00a0\u00a0\u00a0\u00a0\u00a0\u00a0\u00a0 08h\u00e0s 11h<\/p>\n<p>Oiti\u00a0\u00a0\u00a0\u00a0\u00a0\u00a0\u00a0\u00a0\u00a0\u00a0\u00a0\u00a0\u00a0\u00a0\u00a0\u00a0\u00a0\u00a0\u00a0\u00a0\u00a0\u00a0\u00a0\u00a0\u00a0\u00a0\u00a0\u00a0\u00a0\u00a0\u00a0\u00a0\u00a0\u00a0\u00a0\u00a0\u00a0\u00a0 09\/10\/2018\u00a0\u00a0\u00a0\u00a0\u00a0 Tarde\u00a0\u00a0\u00a0\u00a0\u00a0\u00a0\u00a0\u00a0\u00a0\u00a0\u00a0\u00a0\u00a0\u00a0\u00a0\u00a0\u00a0\u00a0\u00a0 12h \u00e0s 15h<\/p>\n<p>Os agricultores devem levar a seguinte documenta\u00e7\u00e3o: CPF, RG e Titulo de Eleitor, Declara\u00e7\u00e3o de Aptid\u00e3o Pronaf- (DAP), Extrato da DAP atualizado e Contrato de comodato de uso da terra.<\/p>\n<p>O Comit\u00ea Gestor do Garantia-Safra aprovou valores e cotas do benef\u00edcio para a safra 2018\/2019, e manteve\u00e0 quantia de R$ 850. Nesse montante, o agricultor contribui com R$ 17, o munic\u00edpio com R$ 51, o estado com R$ 102e a Uni\u00e3o com R$ 340.<\/p>\n<p>O prefeito de Sum\u00e9, \u00c9den Duarte, garantiu que a gest\u00e3o do munic\u00edpio ir\u00e1 pagar a contrapartida referente \u00e0 Prefeitura, no valor de mais de 25 mil reais, garantido assim que os agricultores possam receber o beneficio.<\/p>\n<p><strong>Ascom\/PMS<\/strong><\/p>\n<p>Cariri Em A\u00e7\u00e3o<\/p>\n<p>Leia mais not\u00edcias em\u00a0<a href=\"http:\/\/www.caririemacao.com\/\">caririemacao.com<\/a>, siga nossa p\u00e1gina no\u00a0<a href=\"https:\/\/www.facebook.com\/CaririEmAcao\/?ref=aymt_homepage_panel\">Facebook<\/a>,\u00a0<a href=\"https:\/\/www.instagram.com\/cariri_em_acao\/?hl=pt-br\">Instagram<\/a>\u00a0e\u00a0<a href=\"https:\/\/www.youtube.com\/channel\/UCAptA0jQuYQy8vMhLt2m4qg\">Youtube<\/a>\u00a0e veja nossas mat\u00e9rias, v\u00eddeos e fotos. Voc\u00ea tamb\u00e9m pode enviar informa\u00e7\u00f5es \u00e0 Reda\u00e7\u00e3o do Portal Cariri em A\u00e7\u00e3o pelo WhatsApp (83) 9 9634.5791, (83) 9 9601-1162.<\/p>\n","protected":false},"excerpt":{"rendered":"<p>A Prefeitura de Sum\u00e9, em parceria com a Empresa de Assist\u00eancia T\u00e9cnica e Extens\u00e3o Rural (EMATER), divulgou o calend\u00e1rio para inscri\u00e7\u00f5es do Garantia Safra 2018\/2019&hellip; <\/p>\n","protected":false},"author":1,"featured_media":64643,"comment_status":"closed","ping_status":"closed","sticky":false,"template":"","format":"standard","meta":{"sfsi_plus_gutenberg_text_before_share":"","sfsi_plus_gutenberg_show_text_before_share":"","sfsi_plus_gutenberg_icon_type":"","sfsi_plus_gutenberg_icon_alignemt":"","sfsi_plus_gutenburg_max_per_row":"","footnotes":""},"categories":[6],"tags":[],"class_list":["post-64646","post","type-post","status-publish","format-standard","has-post-thumbnail","hentry","category-cidades"],"_links":{"self":[{"href":"https:\/\/www.caririemacao.com\/1\/wp-json\/wp\/v2\/posts\/64646","targetHints":{"allow":["GET"]}}],"collection":[{"href":"https:\/\/www.caririemacao.com\/1\/wp-json\/wp\/v2\/posts"}],"about":[{"href":"https:\/\/www.caririemacao.com\/1\/wp-json\/wp\/v2\/types\/post"}],"author":[{"embeddable":true,"href":"https:\/\/www.caririemacao.com\/1\/wp-json\/wp\/v2\/users\/1"}],"replies":[{"embeddable":true,"href":"https:\/\/www.caririemacao.com\/1\/wp-json\/wp\/v2\/comments?post=64646"}],"version-history":[{"count":1,"href":"https:\/\/www.caririemacao.com\/1\/wp-json\/wp\/v2\/posts\/64646\/revisions"}],"predecessor-version":[{"id":64648,"href":"https:\/\/www.caririemacao.com\/1\/wp-json\/wp\/v2\/posts\/64646\/revisions\/64648"}],"wp:featuredmedia":[{"embeddable":true,"href":"https:\/\/www.caririemacao.com\/1\/wp-json\/wp\/v2\/media\/64643"}],"wp:attachment":[{"href":"https:\/\/www.caririemacao.com\/1\/wp-json\/wp\/v2\/media?parent=64646"}],"wp:term":[{"taxonomy":"category","embeddable":true,"href":"https:\/\/www.caririemacao.com\/1\/wp-json\/wp\/v2\/categories?post=64646"},{"taxonomy":"post_tag","embeddable":true,"href":"https:\/\/www.caririemacao.com\/1\/wp-json\/wp\/v2\/tags?post=64646"}],"curies":[{"name":"wp","href":"https:\/\/api.w.org\/{rel}","templated":true}]}}