{"id":64647,"date":"2018-09-10T19:51:31","date_gmt":"2018-09-10T22:51:31","guid":{"rendered":"http:\/\/www.caririemacao.com\/1\/?p=64647"},"modified":"2018-09-10T19:51:31","modified_gmt":"2018-09-10T22:51:31","slug":"fpm-prefeituras-da-paraiba-recebem-1a-cota-de-setembro-no-valor-de-r-76-milhoes","status":"publish","type":"post","link":"https:\/\/www.caririemacao.com\/1\/2018\/09\/10\/fpm-prefeituras-da-paraiba-recebem-1a-cota-de-setembro-no-valor-de-r-76-milhoes\/","title":{"rendered":"FPM: prefeituras da Para\u00edba recebem 1\u00aa cota de setembro no valor de R$ 76 milh\u00f5es"},"content":{"rendered":"<p>As prefeituras da Para\u00edba recebem, nesta segunda-feira (10), a primeira cota do Fundo de Participa\u00e7\u00e3o dos Munic\u00edpios (FPM) de setembro. O repasse bruto \u00e9 de R$ 76,7 milh\u00f5es, valor 3% menor do que o transferido para os munic\u00edpios paraibanos em 2017 no mesmo per\u00edodo.<\/p>\n<p>A maior fatia fica com a prefeitura de Jo\u00e3o Pessoa, na ordem de R$ 8,4 milh\u00f5es brutos, seguida por Campina Grande, que percebe R$ 2,3 milh\u00f5es, Santa Rita (R$ 1,2 milh\u00e3o), Patos (R$ 1,1 milh\u00e3o) e Bayeux (R$ 1 milh\u00e3o). Por sua vez, Sousa, Cabedelo e Cajazeiras embolsam R$ 837 mil brutos nesta segunda. J\u00e1 135 prefeituras, de pequenos munic\u00edpios, recebem R$ 209 mil.<\/p>\n<p>Com rela\u00e7\u00e3o ao acumulado do ano, a Confer\u00eancia Nacional dos Munic\u00edpios (CNM) verifica que o valor total do FPM vem apresentando um crescimento positivo. O total repassado aos munic\u00edpios no per\u00edodo de janeiro at\u00e9 o 1\u00ba repasse de setembro de 2018, apresenta um crescimento de 7,93% em termos nominais em rela\u00e7\u00e3o ao mesmo per\u00edodo de 2017.\u00a0Ao considerar o comportamento da infla\u00e7\u00e3o, observa-se que o FPM acumulado do ano de 2018 cresce em 5,48% em rela\u00e7\u00e3o ao mesmo per\u00edodo do ano anterior.<\/p>\n<p><strong>Alerta aos prefeitos<\/strong><\/p>\n<p>Nota-se que, apesar desse primeiro dec\u00eandio apresentar um resultado negativo, esse comportamento do FPM \u00e9 decorrente no segundo semestre em que, normalmente, os repasses costumam ser menores que o primeiro. Portanto, apesar do referido resultado, o Fundo mant\u00e9m um crescimento positivo no acumulado do ano. Sendo assim, a Confedera\u00e7\u00e3o Nacional dos Munic\u00edpios sempre tem alertado aos gestores a manterem cautela em suas gest\u00f5es municipais para n\u00e3o serem surpreendidos com resultados semelhantes ao atual repasse.<\/p>\n<p><em><b>Jornal da Para\u00edba\/Foto: Reprodu\u00e7\u00e3o\u00a0<\/b><\/em><\/p>\n","protected":false},"excerpt":{"rendered":"<p>As prefeituras da Para\u00edba recebem, nesta segunda-feira (10), a primeira cota do Fundo de Participa\u00e7\u00e3o dos Munic\u00edpios (FPM) de setembro. O repasse bruto \u00e9 de&hellip; <\/p>\n","protected":false},"author":1,"featured_media":9404,"comment_status":"closed","ping_status":"closed","sticky":false,"template":"","format":"standard","meta":{"sfsi_plus_gutenberg_text_before_share":"","sfsi_plus_gutenberg_show_text_before_share":"","sfsi_plus_gutenberg_icon_type":"","sfsi_plus_gutenberg_icon_alignemt":"","sfsi_plus_gutenburg_max_per_row":"","footnotes":""},"categories":[2],"tags":[],"class_list":["post-64647","post","type-post","status-publish","format-standard","has-post-thumbnail","hentry","category-geral"],"_links":{"self":[{"href":"https:\/\/www.caririemacao.com\/1\/wp-json\/wp\/v2\/posts\/64647","targetHints":{"allow":["GET"]}}],"collection":[{"href":"https:\/\/www.caririemacao.com\/1\/wp-json\/wp\/v2\/posts"}],"about":[{"href":"https:\/\/www.caririemacao.com\/1\/wp-json\/wp\/v2\/types\/post"}],"author":[{"embeddable":true,"href":"https:\/\/www.caririemacao.com\/1\/wp-json\/wp\/v2\/users\/1"}],"replies":[{"embeddable":true,"href":"https:\/\/www.caririemacao.com\/1\/wp-json\/wp\/v2\/comments?post=64647"}],"version-history":[{"count":1,"href":"https:\/\/www.caririemacao.com\/1\/wp-json\/wp\/v2\/posts\/64647\/revisions"}],"predecessor-version":[{"id":64649,"href":"https:\/\/www.caririemacao.com\/1\/wp-json\/wp\/v2\/posts\/64647\/revisions\/64649"}],"wp:featuredmedia":[{"embeddable":true,"href":"https:\/\/www.caririemacao.com\/1\/wp-json\/wp\/v2\/media\/9404"}],"wp:attachment":[{"href":"https:\/\/www.caririemacao.com\/1\/wp-json\/wp\/v2\/media?parent=64647"}],"wp:term":[{"taxonomy":"category","embeddable":true,"href":"https:\/\/www.caririemacao.com\/1\/wp-json\/wp\/v2\/categories?post=64647"},{"taxonomy":"post_tag","embeddable":true,"href":"https:\/\/www.caririemacao.com\/1\/wp-json\/wp\/v2\/tags?post=64647"}],"curies":[{"name":"wp","href":"https:\/\/api.w.org\/{rel}","templated":true}]}}