{"id":64651,"date":"2018-09-10T20:15:39","date_gmt":"2018-09-10T23:15:39","guid":{"rendered":"http:\/\/www.caririemacao.com\/1\/?p=64651"},"modified":"2018-09-10T20:15:39","modified_gmt":"2018-09-10T23:15:39","slug":"prefeitura-de-sao-sebastiao-do-umbuzeiro-realiza-entrega-de-kits-de-higiene-bucal","status":"publish","type":"post","link":"https:\/\/www.caririemacao.com\/1\/2018\/09\/10\/prefeitura-de-sao-sebastiao-do-umbuzeiro-realiza-entrega-de-kits-de-higiene-bucal\/","title":{"rendered":"Prefeitura de S\u00e3o Sebasti\u00e3o do Umbuzeiro realiza entrega de kits de higiene bucal"},"content":{"rendered":"<p>O munic\u00edpio de S\u00e3o Sebasti\u00e3o do Umbuzeiro \u00e9 contemplado a cada seis meses com a entrega de kits de higiene bucal (Creme dental e escova dental), fornecido pela empresa Colgate juntamente com o Minist\u00e9rio da Sa\u00fade, onde o munic\u00edpio faz parte de um Projeto desenvolvido por essa rede de produtos de higieniza\u00e7\u00e3o bucal, visando buscar uma diminui\u00e7\u00e3o no \u00edndice de c\u00e1rie dent\u00e1ria, estimulando toda a popula\u00e7\u00e3o a por em pr\u00e1tica o h\u00e1bito de realizar a escova\u00e7\u00e3o dent\u00e1ria.<\/p>\n<p><img fetchpriority=\"high\" decoding=\"async\" class=\"wp-image-64653 size-full aligncenter\" src=\"http:\/\/www.caririemacao.com\/1\/wp-content\/uploads\/2018\/09\/41375509_2196444087067455_5105884781074186240_n.jpg\" alt=\"\" width=\"960\" height=\"720\" srcset=\"https:\/\/www.caririemacao.com\/1\/wp-content\/uploads\/2018\/09\/41375509_2196444087067455_5105884781074186240_n.jpg 960w, https:\/\/www.caririemacao.com\/1\/wp-content\/uploads\/2018\/09\/41375509_2196444087067455_5105884781074186240_n-300x225.jpg 300w, https:\/\/www.caririemacao.com\/1\/wp-content\/uploads\/2018\/09\/41375509_2196444087067455_5105884781074186240_n-768x576.jpg 768w\" sizes=\"(max-width: 960px) 100vw, 960px\" \/><\/p>\n<p>Para a forma\u00e7\u00e3o e realiza\u00e7\u00e3o do projeto, foram selecionadas aquelas pessoas enquadradas nos quesitos exigidos pelo pr\u00f3prio programa, aonde os mesmos est\u00e3o sendo acompanhados por um per\u00edodo cont\u00ednuo durante 5 anos.<\/p>\n<p>O acompanhamento \u00e9 realizado pela equipe de Sa\u00fade Bucal calibrada no Projeto Colgate, juntamente com os Agentes de Sa\u00fade da micro- \u00e1rea.<\/p>\n<p>As visitas domiciliares s\u00e3o realizadas em um per\u00edodo de seis meses, acompanhando de perto a melhoria do paciente e a degrada\u00e7\u00e3o da c\u00e1rie dent\u00e1ria.<\/p>\n<p>O projeto est\u00e1 sendo desenvolvido pela Cirurgi\u00e3- Dentista Dra. Priscylla Braga Carvalho, sob a coordena\u00e7\u00e3o do Secret\u00e1rio de Sa\u00fade M\u00e1rcio Neves.<\/p>\n<p><em><strong>Blog do Didi\/Foto: Reprodu\u00e7\u00e3o\u00a0<\/strong><\/em><\/p>\n","protected":false},"excerpt":{"rendered":"<p>O munic\u00edpio de S\u00e3o Sebasti\u00e3o do Umbuzeiro \u00e9 contemplado a cada seis meses com a entrega de kits de higiene bucal (Creme dental e escova&hellip; <\/p>\n","protected":false},"author":1,"featured_media":64652,"comment_status":"closed","ping_status":"closed","sticky":false,"template":"","format":"standard","meta":{"sfsi_plus_gutenberg_text_before_share":"","sfsi_plus_gutenberg_show_text_before_share":"","sfsi_plus_gutenberg_icon_type":"","sfsi_plus_gutenberg_icon_alignemt":"","sfsi_plus_gutenburg_max_per_row":"","footnotes":""},"categories":[16],"tags":[],"class_list":["post-64651","post","type-post","status-publish","format-standard","has-post-thumbnail","hentry","category-saude"],"_links":{"self":[{"href":"https:\/\/www.caririemacao.com\/1\/wp-json\/wp\/v2\/posts\/64651","targetHints":{"allow":["GET"]}}],"collection":[{"href":"https:\/\/www.caririemacao.com\/1\/wp-json\/wp\/v2\/posts"}],"about":[{"href":"https:\/\/www.caririemacao.com\/1\/wp-json\/wp\/v2\/types\/post"}],"author":[{"embeddable":true,"href":"https:\/\/www.caririemacao.com\/1\/wp-json\/wp\/v2\/users\/1"}],"replies":[{"embeddable":true,"href":"https:\/\/www.caririemacao.com\/1\/wp-json\/wp\/v2\/comments?post=64651"}],"version-history":[{"count":1,"href":"https:\/\/www.caririemacao.com\/1\/wp-json\/wp\/v2\/posts\/64651\/revisions"}],"predecessor-version":[{"id":64654,"href":"https:\/\/www.caririemacao.com\/1\/wp-json\/wp\/v2\/posts\/64651\/revisions\/64654"}],"wp:featuredmedia":[{"embeddable":true,"href":"https:\/\/www.caririemacao.com\/1\/wp-json\/wp\/v2\/media\/64652"}],"wp:attachment":[{"href":"https:\/\/www.caririemacao.com\/1\/wp-json\/wp\/v2\/media?parent=64651"}],"wp:term":[{"taxonomy":"category","embeddable":true,"href":"https:\/\/www.caririemacao.com\/1\/wp-json\/wp\/v2\/categories?post=64651"},{"taxonomy":"post_tag","embeddable":true,"href":"https:\/\/www.caririemacao.com\/1\/wp-json\/wp\/v2\/tags?post=64651"}],"curies":[{"name":"wp","href":"https:\/\/api.w.org\/{rel}","templated":true}]}}