{"id":64656,"date":"2018-09-10T20:25:51","date_gmt":"2018-09-10T23:25:51","guid":{"rendered":"http:\/\/www.caririemacao.com\/1\/?p=64656"},"modified":"2018-09-10T20:25:51","modified_gmt":"2018-09-10T23:25:51","slug":"prefeitura-inscreve-para-concurso-publico-com-121-vagas","status":"publish","type":"post","link":"https:\/\/www.caririemacao.com\/1\/2018\/09\/10\/prefeitura-inscreve-para-concurso-publico-com-121-vagas\/","title":{"rendered":"Prefeitura inscreve para concurso p\u00fablico com 121 vagas"},"content":{"rendered":"<p>A Prefeitura Municipal de Pedras de Fogo, na Para\u00edba, abriu nesta segunda-feira (10) o prazo de inscri\u00e7\u00f5es para o concurso p\u00fablico para servidores. O\u00a0<a href=\"https:\/\/www.clickpb.com.br\/emprego\/prefeitura-de-pedras-de-fogo-divulga-edital-de-concurso-com-121-vagas-de-emprego-246041.html\" target=\"true\">concurso<\/a>ser\u00e1 realizado pela Facet Concursos.\u00a0<a href=\"http:\/\/www.pedrasdefogo.pb.gov.br\/licitacao\/concurso-publico-001-2018-pmpf\/\" target=\"true\">Confira o edital.<\/a>Est\u00e3o sendo oferecidas 121 vagas para v\u00e1rios cargos, e os sal\u00e1rios chegam a R$ 2,8 mil.<\/p>\n<p>O certame tem como objetivo o recrutamento e sele\u00e7\u00e3o de candidatos aos Cargos de Auxiliar de Servi\u00e7os- 40 vagas; Auxiliar Administrativo-15 vagas; Gari-05 vagas; Operador de M\u00e1quinas-01 vaga; Motorista C-05 vagas; Guarda Municipal-05 vagas; Coveiro-01 vaga; Encanador-01 vaga; Assistente Social-03 vagas; Psic\u00f3logo- 01 vaga; Professor A- 13 vagas; Farmac\u00eautico-01 vaga; Professor de Portugu\u00eas- 04 vagas; Professor de Educa\u00e7\u00e3o F\u00edsica-01 vaga; Professor de Ci\u00eancias-01 vaga; Professor de Ingl\u00eas-01 vaga; Enfermeiro-09 vagas; Fisioterapeuta-01 vaga; Fonoaudi\u00f3logo- 01 vaga; Nutricionista- 01 vaga; Odont\u00f3logo- 01 vaga; T\u00e9cnico de Enfermagem- 09 vagas e Terapeuta Ocupacional-01 vaga.<\/p>\n<p>O Edital n\u00ba 01\/2018 prev\u00ea que as inscri\u00e7\u00f5es acontecem no per\u00edodo 10 de setembro a 19 de outubro de 2018, de segunda a sexta feira. Na sede da prefeitura, as podem ser feitas das 8h \u00e0s 12h. J\u00e1 pela Internet, o candidato pode se inscrever pelo site da organizadora.\u00a0As taxas de inscri\u00e7\u00e3o custam R$ 55 para cargos de at\u00e9 n\u00edvel fundamental, R$ 65 para os cargos de n\u00edvel m\u00e9dio e R$ 85 para os cargos de n\u00edvel superior.<\/p>\n<p>O cart\u00e3o de inscri\u00e7\u00e3o ser\u00e1 disponibilizado ao candidato no per\u00edodo de 19 a 23 de novembro de 2018, no mesmo local e hor\u00e1rio em que se efetuaram as inscri\u00e7\u00f5es ou pela internet.<\/p>\n<p>A prova ser\u00e1 realizada na data prov\u00e1vel de 09 de dezembro de 2018 em hor\u00e1rios e locais a serem comunicados aos candidatos inscritos por meio do cart\u00e3o de inscri\u00e7\u00e3o definitivo, que lhes ser\u00e1 entregue na data supracitada e tamb\u00e9m atrav\u00e9s de Portaria publicada no quadro de avisos do rol da Prefeitura Municipal e no site da organizadora:\u00a0<a href=\"http:\/\/www.facetconcursos.com.br\/\">www.facetconcursos.com.br<\/a><\/p>\n<p>A Prefeitura Municipal de Pedras de Fogo\u00a0divulgou nota\u00a0informando\u00a0que o Edital do concurso p\u00fablico para provimento de vagas da edilidade \u00e9 de total responsabilidade da \u201cFacet\u201d, empresa contratada para organizar a estrutura do certame. As eventuais falhas observadas no edital ser\u00e3o retificadas pela pr\u00f3pria empresa respons\u00e1vel em tempo h\u00e1bil.<\/p>\n<p>&#8220;Real\u00e7amos que a Procuradoria Geral do Munic\u00edpio e a Secretaria de Administra\u00e7\u00e3o est\u00e3o atentas ao desenvolvimento do concurso para que todas as informa\u00e7\u00f5es sejam condizentes com a realidade do munic\u00edpio, garantindo aos candidatos seguran\u00e7a e legitimidade no mesmo&#8221;, diz a nota.<\/p>\n<p><strong>ClinkPB<\/strong><\/p>\n<p>Cariri Em A\u00e7\u00e3o<\/p>\n<p>Leia mais not\u00edcias em\u00a0<a href=\"http:\/\/www.caririemacao.com\/\">caririemacao.com<\/a>, siga nossa p\u00e1gina no\u00a0<a href=\"https:\/\/www.facebook.com\/CaririEmAcao\/?ref=aymt_homepage_panel\">Facebook<\/a>,\u00a0<a href=\"https:\/\/www.instagram.com\/cariri_em_acao\/?hl=pt-br\">Instagram<\/a>\u00a0e\u00a0<a href=\"https:\/\/www.youtube.com\/channel\/UCAptA0jQuYQy8vMhLt2m4qg\">Youtube<\/a>\u00a0e veja nossas mat\u00e9rias, v\u00eddeos e fotos. Voc\u00ea tamb\u00e9m pode enviar informa\u00e7\u00f5es \u00e0 Reda\u00e7\u00e3o do Portal Cariri em A\u00e7\u00e3o pelo WhatsApp (83) 9 9634.5791, (83) 9 9601-1162.<\/p>\n","protected":false},"excerpt":{"rendered":"<p>A Prefeitura Municipal de Pedras de Fogo, na Para\u00edba, abriu nesta segunda-feira (10) o prazo de inscri\u00e7\u00f5es para o concurso p\u00fablico para servidores. O\u00a0concursoser\u00e1 realizado&hellip; <\/p>\n","protected":false},"author":1,"featured_media":64658,"comment_status":"closed","ping_status":"closed","sticky":false,"template":"","format":"standard","meta":{"sfsi_plus_gutenberg_text_before_share":"","sfsi_plus_gutenberg_show_text_before_share":"","sfsi_plus_gutenberg_icon_type":"","sfsi_plus_gutenberg_icon_alignemt":"","sfsi_plus_gutenburg_max_per_row":"","footnotes":""},"categories":[2],"tags":[],"class_list":["post-64656","post","type-post","status-publish","format-standard","has-post-thumbnail","hentry","category-geral"],"_links":{"self":[{"href":"https:\/\/www.caririemacao.com\/1\/wp-json\/wp\/v2\/posts\/64656","targetHints":{"allow":["GET"]}}],"collection":[{"href":"https:\/\/www.caririemacao.com\/1\/wp-json\/wp\/v2\/posts"}],"about":[{"href":"https:\/\/www.caririemacao.com\/1\/wp-json\/wp\/v2\/types\/post"}],"author":[{"embeddable":true,"href":"https:\/\/www.caririemacao.com\/1\/wp-json\/wp\/v2\/users\/1"}],"replies":[{"embeddable":true,"href":"https:\/\/www.caririemacao.com\/1\/wp-json\/wp\/v2\/comments?post=64656"}],"version-history":[{"count":1,"href":"https:\/\/www.caririemacao.com\/1\/wp-json\/wp\/v2\/posts\/64656\/revisions"}],"predecessor-version":[{"id":64659,"href":"https:\/\/www.caririemacao.com\/1\/wp-json\/wp\/v2\/posts\/64656\/revisions\/64659"}],"wp:featuredmedia":[{"embeddable":true,"href":"https:\/\/www.caririemacao.com\/1\/wp-json\/wp\/v2\/media\/64658"}],"wp:attachment":[{"href":"https:\/\/www.caririemacao.com\/1\/wp-json\/wp\/v2\/media?parent=64656"}],"wp:term":[{"taxonomy":"category","embeddable":true,"href":"https:\/\/www.caririemacao.com\/1\/wp-json\/wp\/v2\/categories?post=64656"},{"taxonomy":"post_tag","embeddable":true,"href":"https:\/\/www.caririemacao.com\/1\/wp-json\/wp\/v2\/tags?post=64656"}],"curies":[{"name":"wp","href":"https:\/\/api.w.org\/{rel}","templated":true}]}}