{"id":64661,"date":"2018-09-10T20:31:19","date_gmt":"2018-09-10T23:31:19","guid":{"rendered":"http:\/\/www.caririemacao.com\/1\/?p=64661"},"modified":"2018-09-10T20:34:16","modified_gmt":"2018-09-10T23:34:16","slug":"comite-da-coligacao-de-joao-azevedo-e-inaugurado-em-sao-sebastiao-do-umbuzeiro","status":"publish","type":"post","link":"https:\/\/www.caririemacao.com\/1\/2018\/09\/10\/comite-da-coligacao-de-joao-azevedo-e-inaugurado-em-sao-sebastiao-do-umbuzeiro\/","title":{"rendered":"Comit\u00ea da coliga\u00e7\u00e3o de Jo\u00e3o Azevedo \u00e9 inaugurado em S\u00e3o Sebasti\u00e3o do Umbuzeiro"},"content":{"rendered":"<p>Neste s\u00e1bado (8), foi inaugurado em S\u00e3o Sebasti\u00e3o do Umbuzeiro, o comit\u00ea da \u00a0coliga\u00e7\u00e3o \u2018A For\u00e7a do Trabalho\u2019\u00a0do candidato do PSB ao Governo do Estado, Jo\u00e3o Azev\u00eado. O comit\u00ea est\u00e1 localizado na pra\u00e7a central.<\/p>\n<p>Durante o evento houve\u00a0 adesivagem de carros, motos e contou com a participa\u00e7\u00e3o do prefeito Adriano Wolff, vice-prefeito Chico de Mariano, vereadores,\u00a0 Candidatos a Deputado Federal Efraim Filho\u00a0 (DEM)\u00a0 e Deputado Estadual Adriano Galdino (PSB).<\/p>\n<p>\u201cA gente sabe agora que a Para\u00edba s\u00f3 tem um caminho: crescer e continuar crescendo em benef\u00edcio do seu povo\u201d, disse o prefeito Adriano Wolff, durante o lan\u00e7amento do comit\u00ea.<\/p>\n<p><em><strong>Blog do Didi\/Foto: Reprodu\u00e7\u00e3o\u00a0<\/strong><\/em><\/p>\n","protected":false},"excerpt":{"rendered":"<p>Neste s\u00e1bado (8), foi inaugurado em S\u00e3o Sebasti\u00e3o do Umbuzeiro, o comit\u00ea da \u00a0coliga\u00e7\u00e3o \u2018A For\u00e7a do Trabalho\u2019\u00a0do candidato do PSB ao Governo do Estado,&hellip; <\/p>\n","protected":false},"author":1,"featured_media":64662,"comment_status":"closed","ping_status":"closed","sticky":false,"template":"","format":"standard","meta":{"sfsi_plus_gutenberg_text_before_share":"","sfsi_plus_gutenberg_show_text_before_share":"","sfsi_plus_gutenberg_icon_type":"","sfsi_plus_gutenberg_icon_alignemt":"","sfsi_plus_gutenburg_max_per_row":"","footnotes":""},"categories":[1],"tags":[],"class_list":["post-64661","post","type-post","status-publish","format-standard","has-post-thumbnail","hentry","category-o-site"],"_links":{"self":[{"href":"https:\/\/www.caririemacao.com\/1\/wp-json\/wp\/v2\/posts\/64661","targetHints":{"allow":["GET"]}}],"collection":[{"href":"https:\/\/www.caririemacao.com\/1\/wp-json\/wp\/v2\/posts"}],"about":[{"href":"https:\/\/www.caririemacao.com\/1\/wp-json\/wp\/v2\/types\/post"}],"author":[{"embeddable":true,"href":"https:\/\/www.caririemacao.com\/1\/wp-json\/wp\/v2\/users\/1"}],"replies":[{"embeddable":true,"href":"https:\/\/www.caririemacao.com\/1\/wp-json\/wp\/v2\/comments?post=64661"}],"version-history":[{"count":1,"href":"https:\/\/www.caririemacao.com\/1\/wp-json\/wp\/v2\/posts\/64661\/revisions"}],"predecessor-version":[{"id":64663,"href":"https:\/\/www.caririemacao.com\/1\/wp-json\/wp\/v2\/posts\/64661\/revisions\/64663"}],"wp:featuredmedia":[{"embeddable":true,"href":"https:\/\/www.caririemacao.com\/1\/wp-json\/wp\/v2\/media\/64662"}],"wp:attachment":[{"href":"https:\/\/www.caririemacao.com\/1\/wp-json\/wp\/v2\/media?parent=64661"}],"wp:term":[{"taxonomy":"category","embeddable":true,"href":"https:\/\/www.caririemacao.com\/1\/wp-json\/wp\/v2\/categories?post=64661"},{"taxonomy":"post_tag","embeddable":true,"href":"https:\/\/www.caririemacao.com\/1\/wp-json\/wp\/v2\/tags?post=64661"}],"curies":[{"name":"wp","href":"https:\/\/api.w.org\/{rel}","templated":true}]}}