{"id":64673,"date":"2018-09-10T20:50:39","date_gmt":"2018-09-10T23:50:39","guid":{"rendered":"http:\/\/www.caririemacao.com\/1\/?p=64673"},"modified":"2018-09-10T20:51:26","modified_gmt":"2018-09-10T23:51:26","slug":"delatores-entregam-audios-que-apontam-pagamento-de-propina-a-temer","status":"publish","type":"post","link":"https:\/\/www.caririemacao.com\/1\/2018\/09\/10\/delatores-entregam-audios-que-apontam-pagamento-de-propina-a-temer\/","title":{"rendered":"Delatores entregam \u00e1udios que apontam pagamento de propina a Temer"},"content":{"rendered":"<div class=\"row news-info-container no-margin\">\n<div class=\"col-lg-6 col-md-6 col-sm-6 col-xs-12 no-padding\">\n<p class=\"news-info-tag\">A Pol\u00edcia Federal (PF) anexou \u00e0\u00a0investiga\u00e7\u00e3o do suposto recebimento de propina da Odebrecht pelo presidente Michel Temer\u00a0quatro \u00e1udios com di\u00e1logos entre pessoas ligadas \u00e0 empreiteira e o coronel Jo\u00e3o Baptista Lima Filho, amigo do emedebista, que foi citado por delatores como seu receptador financeiro.<\/p>\n<\/div>\n<\/div>\n<div class=\"row news-main-text-container\">\n<div class=\"col-lg-12 col-md-12 col-sm-12 col-xs-12\">\n<div class=\"news-main-text\">\n<div class=\"pub-container inside-news\">\n<div class=\"pub-space\">Os arquivos que agora comp\u00f5e o processo foram gravados por funcion\u00e1rios da Hoya Corretora de Valores, empresa do doleiro \u00c1lvaro Novis, respons\u00e1vel por fazer entregas de propinas da Odebrecht a pol\u00edticos. A empresa gravava os telefonemas dos seus funcion\u00e1rios automaticamente e entregou o material aos investigadores como parte do acordo de dela\u00e7\u00e3o premiada.<\/div>\n<\/div>\n<p>As investiga\u00e7\u00f5es apontam que executivos da empreiteira participaram de um jantar no Pal\u00e1cio do Jaburu, em 2014, para acertar o repasse de R$ 10 milh\u00f5es ao MDB. Do total, R$ 1,4 milh\u00e3o teria sido entregue a Temer por meio do coronel Lima.\u00a0O restante teria sido distribu\u00eddo para outros integrantes do partido.<\/p>\n<p>A PF acredita que os funcion\u00e1rios da corretora e o coronel utilizavam c\u00f3digos em seus di\u00e1logos para se referirem \u00e0s entregas de propina. No primeiro deles, o entregador de dinheiro fala sobre uma &#8220;encomenda&#8221;. Em outro, Lima reclama que o valor das \u201catas\u201d estava abaixo do previsto.<\/p>\n<p>Procurado por &#8216;O Globo&#8217;, o Pal\u00e1cio do Planalto disse que &#8220;n\u00e3o comentaria interpreta\u00e7\u00f5es que n\u00e3o se baseiam em fatos; s\u00e3o apenas fantasias&#8221;.<\/p>\n<p>Veja a transcri\u00e7\u00e3o dos di\u00e1logos dos \u00e1udios aos quais o site &#8216;O Globo&#8217; publicou nesta segunda&#8211;feira (10):<\/p>\n<p><span class=\"news_bold\">19 de mar\u00e7o de 2014, \u00e0s 10h25<\/span>\u00a0\u2013 Edimar Moreira Dantas, funcion\u00e1rio da Hoya Corretora de Valores, questiona se o coronel Lima est\u00e1 no local combinado para entrega do dinheiro:<\/p>\n<p>JO\u00c3O &#8211; Al\u00f4?<\/p>\n<p>EDIMAR &#8211; Seu Jo\u00e3o?<\/p>\n<p>JO\u00c3O &#8211; Ele mesmo.<\/p>\n<p>EDIMAR &#8211; Meu pessoal t\u00e1 ai &#8230; o senhor j\u00e1 t\u00e1 no local da &#8230; aquela encomenda?<\/p>\n<p>JO\u00c3O &#8211; N\u00e3o! Eu t\u00f4 fora. N\u00e3o&#8230; n\u00f3s n\u00e3o falamos antes. Eu t\u00f4 ai com uns compromissos agora. Eu s\u00f3 vou estar l\u00e1 na minha base por volta das 14h30. Como \u00e9 que o senhor v\u00ea ai? D\u00e1 pra passar \u00e0s 14:30?<\/p>\n<p>EDIMAR &#8211; Eu vou ver aqui e retorno. O senhor t\u00e1 longe de l\u00e1, n\u00e9?<\/p>\n<p>JO\u00c3O &#8211; Estou longe. Eu t\u00f4 aqui pro lado de Santo Amaro, viu? E &#8230; ai com um compromisso que eu n\u00e3o posso deixar de atender, viu? Ent\u00e3o 14h30, 15 horas \u00e9 que eu t\u00f4 chegando l\u00e1 na minha base.<\/p>\n<p>EDIMAR &#8211; Ent\u00e3o vou ver se consigo marcar para as 15 horas. Qualquer coisa&#8230;<\/p>\n<p>JO\u00c3O &#8211; O senhor faz o favor, me d\u00e1 uma ligada, t\u00e1 bom?<\/p>\n<p>EDIMAR &#8211; T\u00e1 bom, tchau!<\/p>\n<p>JO\u00c3O &#8211; Obrigado!<\/p>\n<p><span class=\"news_bold\">19 de mar\u00e7o de 2014, \u00e0s 11h37<\/span>\u00a0\u2013 Coronel Lima e M\u00e1rcio Jos\u00e9 Freira do Amaral, funcion\u00e1rio da Hoya Corretora de Valores, combinam um novo hor\u00e1rio para entrega do dinheiro:<\/p>\n<p>JO\u00c3O &#8211; Al\u00f4?<\/p>\n<p>M\u00c1RCIO &#8211; Senhor Jo\u00e3o?<\/p>\n<p>JO\u00c3O &#8211; Ele mesmo!<\/p>\n<p>M\u00c1RCIO &#8211; Ah, sim! Bom dia!<\/p>\n<p>JO\u00c3O- Tudo bem!<\/p>\n<p>M\u00c1RCIO &#8211; Bem. Hoje ent\u00e3o aquela reuni\u00e3o foi adiada, n\u00e9? Vai ser entre 3 e 5 horas. Das 15 \u00e0s 17 .<\/p>\n<p>JO\u00c3O &#8211; Ok. T\u00f4 por l\u00e1 nesse hor\u00e1rio.<\/p>\n<p>M\u00c1RCIO &#8211; T\u00e1. S\u00f3 que n\u00f3s temos 3 etapas dessa reuni\u00e3o, que vai ser 5\u00aa e 6\u00aa feira. Agora, 5\u00aa e 6\u00aa eu gos &#8230; bem, eu queria ver com o senhor se pode ser entre 10 e 12 horas, na 5\u00aa e na 6\u00aa?<\/p>\n<p>JO\u00c3O &#8211; Veja se voc\u00eas podem me fazer isso da\u00ed \u00e0s 12 horas. Eu fa\u00e7o de tudo para t\u00e1 \u00e0s 12 horas. \u00c9 poss\u00edvel?<\/p>\n<p>M\u00c1RCIO &#8211; De 12 &#8230; vamo marcar ent\u00e3o de &#8230; \u00e9 que tem sempre que dar um espa\u00e7o de tempo, de 12 at\u00e9 que horas, mais ou menos?<\/p>\n<p>JO\u00c3O &#8211; 12 \u00e0s 13, tudo bem?<\/p>\n<p>M\u00c1RCIO-12 \u00e0s 13. Nos dois dias?<\/p>\n<p>JO\u00c3O-12 \u00e0s 13. Nos dois dias<\/p>\n<p>M\u00c1RCIO &#8211; Ent\u00e3o t\u00e1 combinado<\/p>\n<p>JO\u00c3O &#8211; Combinado, um abra\u00e7o!<\/p>\n<p>M\u00c1RCIO &#8211; Grande abra\u00e7o, at\u00e9 logo!<\/p>\n<p>JO\u00c3O &#8211; Outro! Tchau!<\/p>\n<p><span class=\"news_bold\">19 de mar\u00e7o de 2014, \u00e0s 15h54<\/span>\u00a0\u2013 Amaral telefona ao Coronel Lima porque, segundo a PF, ele n\u00e3o havia fornecido a senha combinada para recebimento do dinheiro:<\/p>\n<p>JO\u00c3O &#8211; Al\u00f3?<\/p>\n<p>MARCIO &#8211; Jo\u00e3o?<\/p>\n<p>JO\u00c3O- Ele<\/p>\n<p>MARCIO &#8211; \u00c9 o M\u00e1rcio aqui. Tudo bem?<\/p>\n<p>JO\u00c3O- Tudo bem!<\/p>\n<p>MARCIO &#8211; Meu pessoal t\u00e1 a\u00ed com voc\u00ea?<\/p>\n<p>JO\u00c3O &#8211; T\u00e1 aqui. Ok e &#8230; conforme combinamos .<\/p>\n<p>MARCIO &#8211; Ah, t\u00e1. Porque eles disseram que voc\u00ea n\u00e3o sabia o nome, n\u00e9?<\/p>\n<p>JO\u00c3O &#8211; Ent\u00e3o, n\u00e3o houve um nome &#8230; s\u00f3 ficou nessa base do ok, .. e nada mais, ok e &#8230; s\u00f3 isso!<\/p>\n<p>MARCIO &#8211; T\u00e1. Ok! Beleza!<\/p>\n<p>JO\u00c3O &#8211; Ok, reuni\u00e3o confirmada, s\u00f3 isso!<\/p>\n<p>MARCIO &#8211; T\u00e1, muito obrigado!<\/p>\n<p>JO\u00c3O &#8211; Obrigado a voc\u00ea. Tchau!<\/p>\n<p>MARCIO &#8211; Um abra\u00e7o! Tchau!<\/p>\n<p><span class=\"news_bold\">24 de mar\u00e7o de 2014, \u00e0s 15h37<\/span>\u00a0\u2013 Coronel Lima questiona a Amaral se haveria novos repasses:<\/p>\n<p>JO\u00c3O &#8211; Al\u00f4?<\/p>\n<p>M\u00c1RCIO &#8211; Jo\u00e3o?<\/p>\n<p>JO\u00c3O &#8211; Ele<\/p>\n<p>M\u00c1RCIO &#8211; Opa! Aqui \u00e9 o M\u00e1rcio. Tudo bom?<\/p>\n<p>JO\u00c3O &#8211; Tudo bem, M\u00e1rcio<\/p>\n<p>M\u00c1RCIO &#8211; Eu recebi um recado aqui, sinceramente n\u00e3o t\u00f4 entendendo, acho que a pessoa t\u00e1 se expressando mal aqui, eu n\u00e3o t\u00f4 entendendo. \u00c9 &#8230; n\u00f3s tivemos 3 reuni\u00f5es: quarta, quinta e sexta. Fiz uma na quarta, fiz na quinta, e na sexta voc\u00ea ia demorar me pediu que entregasse ao Silva.<\/p>\n<p>JO\u00c3O -Isto, isto!<\/p>\n<p>M\u00c1RCIO &#8211; Ent\u00e3o, as tr\u00eas reuni\u00f5es foram concretizadas.<\/p>\n<p>JO\u00c3O &#8211; Tudo bem! Tem alguma previs\u00e3o pra mais alguma coisa, ou n\u00e3o?<\/p>\n<p>M\u00c1RCIO &#8211; Ah, n\u00e3o! \u00c9 .. n\u00e3o! Ainda n\u00e3o tem informa\u00e7\u00e3o nenhuma. Mas essas 3 foi tudo certinho, n\u00e9?<\/p>\n<p>JO\u00c3O &#8211; Foi.<\/p>\n<p>M\u00c1RCIO &#8211; \u00c9 que o pessoal t\u00e1 se expressando mal, t\u00e1 fazendo uma confus\u00e3o do cacete.<\/p>\n<p>JO\u00c3O &#8211; Tudo bem, tudo bem. A \u00faltima, a da sexta feira, em que foi entregue ai ao Silva as atas, elas n\u00e3o foram iguais \u00e0s atas anteriores, n\u00e9? Ficou um pouco abaixo.<\/p>\n<p>M\u00c1RCIO &#8211; \u00c9! Um pouquinho abaixo, o n\u00famero era quebrado.<\/p>\n<p>JO\u00c3O &#8211; T\u00e1 certo, t\u00e1 certo!<\/p>\n<p>M\u00c1RCIO &#8211; T\u00e1 bom?<\/p>\n<p>JO\u00c3O &#8211; T\u00e1 entendido, ent\u00e3o!<\/p>\n<p>MARCIO-Ok!<\/p>\n<p>JO\u00c3O &#8211; Eu agrade\u00e7o a tua aten\u00e7\u00e3o!<\/p>\n<p>MARCIO &#8211; Um abra\u00e7\u00e3o, Tchau, tchau!<\/p>\n<p>JO\u00c3O &#8211; Outro. Obrigado. Um abra\u00e7o! Tchau!<\/p>\n<p><em><strong>Noticias Ao Minuto\/Foto: Internet\u00a0<\/strong><\/em><\/p>\n<\/div>\n<\/div>\n<\/div>\n","protected":false},"excerpt":{"rendered":"<p>A Pol\u00edcia Federal (PF) anexou \u00e0\u00a0investiga\u00e7\u00e3o do suposto recebimento de propina da Odebrecht pelo presidente Michel Temer\u00a0quatro \u00e1udios com di\u00e1logos entre pessoas ligadas \u00e0 empreiteira&hellip; <\/p>\n","protected":false},"author":1,"featured_media":19900,"comment_status":"closed","ping_status":"closed","sticky":false,"template":"","format":"standard","meta":{"sfsi_plus_gutenberg_text_before_share":"","sfsi_plus_gutenberg_show_text_before_share":"","sfsi_plus_gutenberg_icon_type":"","sfsi_plus_gutenberg_icon_alignemt":"","sfsi_plus_gutenburg_max_per_row":"","footnotes":""},"categories":[11],"tags":[],"class_list":["post-64673","post","type-post","status-publish","format-standard","has-post-thumbnail","hentry","category-politica"],"_links":{"self":[{"href":"https:\/\/www.caririemacao.com\/1\/wp-json\/wp\/v2\/posts\/64673","targetHints":{"allow":["GET"]}}],"collection":[{"href":"https:\/\/www.caririemacao.com\/1\/wp-json\/wp\/v2\/posts"}],"about":[{"href":"https:\/\/www.caririemacao.com\/1\/wp-json\/wp\/v2\/types\/post"}],"author":[{"embeddable":true,"href":"https:\/\/www.caririemacao.com\/1\/wp-json\/wp\/v2\/users\/1"}],"replies":[{"embeddable":true,"href":"https:\/\/www.caririemacao.com\/1\/wp-json\/wp\/v2\/comments?post=64673"}],"version-history":[{"count":2,"href":"https:\/\/www.caririemacao.com\/1\/wp-json\/wp\/v2\/posts\/64673\/revisions"}],"predecessor-version":[{"id":64675,"href":"https:\/\/www.caririemacao.com\/1\/wp-json\/wp\/v2\/posts\/64673\/revisions\/64675"}],"wp:featuredmedia":[{"embeddable":true,"href":"https:\/\/www.caririemacao.com\/1\/wp-json\/wp\/v2\/media\/19900"}],"wp:attachment":[{"href":"https:\/\/www.caririemacao.com\/1\/wp-json\/wp\/v2\/media?parent=64673"}],"wp:term":[{"taxonomy":"category","embeddable":true,"href":"https:\/\/www.caririemacao.com\/1\/wp-json\/wp\/v2\/categories?post=64673"},{"taxonomy":"post_tag","embeddable":true,"href":"https:\/\/www.caririemacao.com\/1\/wp-json\/wp\/v2\/tags?post=64673"}],"curies":[{"name":"wp","href":"https:\/\/api.w.org\/{rel}","templated":true}]}}