{"id":64676,"date":"2018-09-10T21:04:17","date_gmt":"2018-09-11T00:04:17","guid":{"rendered":"http:\/\/www.caririemacao.com\/1\/?p=64676"},"modified":"2018-09-10T21:05:23","modified_gmt":"2018-09-11T00:05:23","slug":"caminhoneiros-recuam-e-dizem-que-nao-havera-protesto-na-quarta-feira","status":"publish","type":"post","link":"https:\/\/www.caririemacao.com\/1\/2018\/09\/10\/caminhoneiros-recuam-e-dizem-que-nao-havera-protesto-na-quarta-feira\/","title":{"rendered":"Caminhoneiros recuam e dizem que n\u00e3o haver\u00e1 protesto na quarta-feira"},"content":{"rendered":"<p>Ap\u00f3s o reajuste da tabela dos fretes e a promessa de fiscaliza\u00e7\u00e3o nas estradas pela ANTT (Ag\u00eancia Nacional de Transportes Terrestres), os caminhoneiros aut\u00f4nomos afirmaram que ir\u00e3o \u00e0 Bras\u00edlia nesta quarta-feira (12), por\u00e9m apenas para conversar e entender melhor as medidas anunciadas nos \u00faltimos dias pela ag\u00eancia.<\/p>\n<p>\u201cA ANTT come\u00e7ou a se posicionar antes de irmos l\u00e1 e n\u00f3s precisamos reconhecer isso\u201d, afirmou Wallace Landim, conhecido como Chor\u00e3o, um dos l\u00edderes dos caminhoneiros aut\u00f4nomos, e que ganhou destaque durante as paralisa\u00e7\u00f5es de maio.<\/p>\n<p>Logo ap\u00f3s o an\u00fancio de alta de at\u00e9 14% no pre\u00e7o do diesel pela Petrobras, caminhoneiros voltaram a se mobilizar para novas paralisa\u00e7\u00f5es. Um ato em frente ao pr\u00e9dio da ag\u00eancia foi marcado e uma invas\u00e3o chegou a ser cogitada caso os interesses dos motoristas n\u00e3o fossem atendidos.<\/p>\n<p>Segundo Landim, apenas as lideran\u00e7as dos estados ir\u00e3o a Bras\u00edlia para conversar com a ag\u00eancia e entender melhor como funcionar\u00e1 a fiscaliza\u00e7\u00e3o da tabela do frete. \u201cEstamos tentando agendar, mas se a gente estiver l\u00e1 na porta, eles falam com a gente. Nunca negaram nos receber\u201d, afirmou.<\/p>\n<p>No grupo de Facebook Uni\u00e3o dos Caminhoneiros do Brasil, Santiago Edmilson Carneiro, disse em v\u00eddeo que a mobiliza\u00e7\u00e3o havia sido momentaneamente suspensa, mas que poderia haver atos em Bras\u00edlia no dia 9 de outubro. Data da audi\u00eancia p\u00fablica que ir\u00e1 debater a fiscaliza\u00e7\u00e3o.<\/p>\n<p>A Abcam (Associa\u00e7\u00e3o Brasileira dos Caminhoneiros) afirma ser contr\u00e1ria a novas paralisa\u00e7\u00f5es e diz que est\u00e1 negociando uma reuni\u00e3o com a Casa Civil para falar sobre o pre\u00e7o do combust\u00edvel e a tabela do frete.<\/p>\n<p><strong><em>Folhapress\/Foto: Internet<\/em><\/strong><\/p>\n","protected":false},"excerpt":{"rendered":"<p>Ap\u00f3s o reajuste da tabela dos fretes e a promessa de fiscaliza\u00e7\u00e3o nas estradas pela ANTT (Ag\u00eancia Nacional de Transportes Terrestres), os caminhoneiros aut\u00f4nomos afirmaram&hellip; <\/p>\n","protected":false},"author":1,"featured_media":51846,"comment_status":"closed","ping_status":"closed","sticky":false,"template":"","format":"standard","meta":{"sfsi_plus_gutenberg_text_before_share":"","sfsi_plus_gutenberg_show_text_before_share":"","sfsi_plus_gutenberg_icon_type":"","sfsi_plus_gutenberg_icon_alignemt":"","sfsi_plus_gutenburg_max_per_row":"","footnotes":""},"categories":[2],"tags":[],"class_list":["post-64676","post","type-post","status-publish","format-standard","has-post-thumbnail","hentry","category-geral"],"_links":{"self":[{"href":"https:\/\/www.caririemacao.com\/1\/wp-json\/wp\/v2\/posts\/64676","targetHints":{"allow":["GET"]}}],"collection":[{"href":"https:\/\/www.caririemacao.com\/1\/wp-json\/wp\/v2\/posts"}],"about":[{"href":"https:\/\/www.caririemacao.com\/1\/wp-json\/wp\/v2\/types\/post"}],"author":[{"embeddable":true,"href":"https:\/\/www.caririemacao.com\/1\/wp-json\/wp\/v2\/users\/1"}],"replies":[{"embeddable":true,"href":"https:\/\/www.caririemacao.com\/1\/wp-json\/wp\/v2\/comments?post=64676"}],"version-history":[{"count":1,"href":"https:\/\/www.caririemacao.com\/1\/wp-json\/wp\/v2\/posts\/64676\/revisions"}],"predecessor-version":[{"id":64677,"href":"https:\/\/www.caririemacao.com\/1\/wp-json\/wp\/v2\/posts\/64676\/revisions\/64677"}],"wp:featuredmedia":[{"embeddable":true,"href":"https:\/\/www.caririemacao.com\/1\/wp-json\/wp\/v2\/media\/51846"}],"wp:attachment":[{"href":"https:\/\/www.caririemacao.com\/1\/wp-json\/wp\/v2\/media?parent=64676"}],"wp:term":[{"taxonomy":"category","embeddable":true,"href":"https:\/\/www.caririemacao.com\/1\/wp-json\/wp\/v2\/categories?post=64676"},{"taxonomy":"post_tag","embeddable":true,"href":"https:\/\/www.caririemacao.com\/1\/wp-json\/wp\/v2\/tags?post=64676"}],"curies":[{"name":"wp","href":"https:\/\/api.w.org\/{rel}","templated":true}]}}