{"id":64679,"date":"2018-09-10T21:25:23","date_gmt":"2018-09-11T00:25:23","guid":{"rendered":"http:\/\/www.caririemacao.com\/1\/?p=64679"},"modified":"2018-09-10T21:25:23","modified_gmt":"2018-09-11T00:25:23","slug":"alpb-discute-rotas-culturais-do-estado","status":"publish","type":"post","link":"https:\/\/www.caririemacao.com\/1\/2018\/09\/10\/alpb-discute-rotas-culturais-do-estado\/","title":{"rendered":"ALPB discute rotas culturais do Estado"},"content":{"rendered":"<p>A Assembleia Legislativa da Para\u00edba, realiza pr\u00f3xima quarta-feira (12), Sess\u00e3o Especial em alus\u00e3o aos projetos de rotas culturais \u201ccaminhos do frio\u201d e \u201cra\u00edzes do brejo\u201d. A sess\u00e3o ser\u00e1 realizada na Assembleia Legislativa da Para\u00edba (ALPB), no Plen\u00e1rio Deputado Jos\u00e9 Mariz, \u00e0s 15h.<\/p>\n<p>De acordo com o Deputado Estadual Lindolfo Pires (PODEMOS), autor da propositura, os projetos de rotas culturais \u201ccaminhos do frio\u201d e \u201cra\u00edzes do brejo\u201d, se estabeleceram como os eventos mais importantes para o Brejo Paraibano. \u201cTrata-se de um programa que valoriza a gastronomia, o patrim\u00f4nio cultural, hist\u00f3rico e as riquezas naturais, com uma vasta agenda realizada pelo F\u00f3rum de Desenvolvimento Tur\u00edstico Sustent\u00e1vel do Brejo Paraibano\u201d, destacou o deputado<\/p>\n<p>S\u00e3o integrantes do Caminhos do Frio os munic\u00edpios de Alagoa Nova, Alagoa Grande, Arara, Araruna, Areia, Bananeiras, Borborema, Campo de Santana, Guarabira, Matinhas, Pil\u00f5es, Pirpirituba, Serraria e Sol\u00e2nea.<\/p>\n<p>O Raizes do Brejos passa pelas cidades de Bel\u00e9m, Alagoinha, Duas Estradas, Lagoa de Dentro, Serra da Raiz, Borborema, Dona In\u00eas e Pil\u00f5ezinhos e Pirpirituba.<\/p>\n<p>Lindolfo Pires lembra que o programa conta com o apoio da Atura (Associa\u00e7\u00e3o de Turismo Rural e Cultural de Areia), Sebrae, Prefeituras e Governo do Estado.<\/p>\n<p><em><strong>MaisPB<\/strong><\/em><\/p>\n","protected":false},"excerpt":{"rendered":"<p>A Assembleia Legislativa da Para\u00edba, realiza pr\u00f3xima quarta-feira (12), Sess\u00e3o Especial em alus\u00e3o aos projetos de rotas culturais \u201ccaminhos do frio\u201d e \u201cra\u00edzes do brejo\u201d.&hellip; <\/p>\n","protected":false},"author":1,"featured_media":64680,"comment_status":"closed","ping_status":"closed","sticky":false,"template":"","format":"standard","meta":{"sfsi_plus_gutenberg_text_before_share":"","sfsi_plus_gutenberg_show_text_before_share":"","sfsi_plus_gutenberg_icon_type":"","sfsi_plus_gutenberg_icon_alignemt":"","sfsi_plus_gutenburg_max_per_row":"","footnotes":""},"categories":[11],"tags":[],"class_list":["post-64679","post","type-post","status-publish","format-standard","has-post-thumbnail","hentry","category-politica"],"_links":{"self":[{"href":"https:\/\/www.caririemacao.com\/1\/wp-json\/wp\/v2\/posts\/64679","targetHints":{"allow":["GET"]}}],"collection":[{"href":"https:\/\/www.caririemacao.com\/1\/wp-json\/wp\/v2\/posts"}],"about":[{"href":"https:\/\/www.caririemacao.com\/1\/wp-json\/wp\/v2\/types\/post"}],"author":[{"embeddable":true,"href":"https:\/\/www.caririemacao.com\/1\/wp-json\/wp\/v2\/users\/1"}],"replies":[{"embeddable":true,"href":"https:\/\/www.caririemacao.com\/1\/wp-json\/wp\/v2\/comments?post=64679"}],"version-history":[{"count":1,"href":"https:\/\/www.caririemacao.com\/1\/wp-json\/wp\/v2\/posts\/64679\/revisions"}],"predecessor-version":[{"id":64681,"href":"https:\/\/www.caririemacao.com\/1\/wp-json\/wp\/v2\/posts\/64679\/revisions\/64681"}],"wp:featuredmedia":[{"embeddable":true,"href":"https:\/\/www.caririemacao.com\/1\/wp-json\/wp\/v2\/media\/64680"}],"wp:attachment":[{"href":"https:\/\/www.caririemacao.com\/1\/wp-json\/wp\/v2\/media?parent=64679"}],"wp:term":[{"taxonomy":"category","embeddable":true,"href":"https:\/\/www.caririemacao.com\/1\/wp-json\/wp\/v2\/categories?post=64679"},{"taxonomy":"post_tag","embeddable":true,"href":"https:\/\/www.caririemacao.com\/1\/wp-json\/wp\/v2\/tags?post=64679"}],"curies":[{"name":"wp","href":"https:\/\/api.w.org\/{rel}","templated":true}]}}