{"id":64697,"date":"2018-09-11T07:19:44","date_gmt":"2018-09-11T10:19:44","guid":{"rendered":"http:\/\/www.caririemacao.com\/1\/?p=64697"},"modified":"2018-09-11T07:19:44","modified_gmt":"2018-09-11T10:19:44","slug":"haddad-sera-anunciado-como-candidato-a-presidencia-nesta-terca","status":"publish","type":"post","link":"https:\/\/www.caririemacao.com\/1\/2018\/09\/11\/haddad-sera-anunciado-como-candidato-a-presidencia-nesta-terca\/","title":{"rendered":"Haddad ser\u00e1 anunciado como candidato \u00e0 Presid\u00eancia nesta ter\u00e7a"},"content":{"rendered":"<p>O ex-presidente Lula bateu o martelo e autorizou que Fernando Haddad seja oficializado como candidato do PT ao Planalto nesta ter\u00e7a-feira (11), em frente \u00e0 sede da Pol\u00edcia Federal em Curitiba, onde est\u00e1 preso desde abril.<\/p>\n<p>Em detalhes fechados nesta segunda-feira (10), durante conversas dentro de sua cela com o pr\u00f3prio Haddad e advogados, Lula decidiu que o an\u00fancio da troca na chapa petista ser\u00e1 feito ap\u00f3s reuni\u00e3o da executiva nacional da sigla, na capital paranaense.<\/p>\n<p>A decis\u00e3o de fazer um ato em Curitiba para a oficializa\u00e7\u00e3o de Haddad foi antecipada pelo Painel, da Folha.<\/p>\n<p>Ladeado pelos dirigentes da sigla, com o objetivo de mostrar uni\u00e3o, Haddad far\u00e1 um pronunciamento \u00e0 milit\u00e2ncia e tamb\u00e9m haver\u00e1 a leitura de uma carta escrita pelo ex-presidente.]<\/p>\n<p>Lula pediu a colabora\u00e7\u00e3o de diversos aliados, que enviaram mensagens a ele sobre como fazer a substitui\u00e7\u00e3o do posto.<\/p>\n<p>Haddad passou o dia em conversas com o padrinho pol\u00edtico, ajustando os detalhes que constam da carta e de seu discurso.<\/p>\n<p>Nesta ter\u00e7a (11), encerra-se o prazo dado pela Justi\u00e7a Eleitoral para que o PT fa\u00e7a a troca de Lula na cabe\u00e7a de chapa do partido ao Planalto.<\/p>\n<p>A defesa do ex-presidente ainda aguarda recursos no STF (Supremo Tribunal Federal), mas petistas admitem que as a\u00e7\u00f5es s\u00e3o apenas formalidades para embasar o discurso de que lutaram at\u00e9 o fim para tentar garantir a candidatura de Lula.<\/p>\n<p>Uma ala do PT, ligada \u00e0 presidente da sigla, Gleisi Hoffmann (PR), insistia em esticar a corda dos prazos at\u00e9 o \u00faltimo minuto, mas a ordem foi n\u00e3o arriscar a viabilidade da chapa.\u200b<\/p>\n<p><strong>Folha de S\u00e3o Paulo<\/strong><\/p>\n<p>Cariri Em A\u00e7\u00e3o<\/p>\n<p>Leia mais not\u00edcias em\u00a0<a href=\"http:\/\/www.caririemacao.com\/\">caririemacao.com<\/a>, siga nossa p\u00e1gina no\u00a0<a href=\"https:\/\/www.facebook.com\/CaririEmAcao\/?ref=aymt_homepage_panel\">Facebook<\/a>,\u00a0<a href=\"https:\/\/www.instagram.com\/cariri_em_acao\/?hl=pt-br\">Instagram<\/a>\u00a0e\u00a0<a href=\"https:\/\/www.youtube.com\/channel\/UCAptA0jQuYQy8vMhLt2m4qg\">Youtube<\/a>\u00a0e veja nossas mat\u00e9rias, v\u00eddeos e fotos. Voc\u00ea tamb\u00e9m pode enviar informa\u00e7\u00f5es \u00e0 Reda\u00e7\u00e3o do Portal Cariri em A\u00e7\u00e3o pelo WhatsApp (83) 9 9634.5791, (83) 9 9601-1162.<\/p>\n","protected":false},"excerpt":{"rendered":"<p>O ex-presidente Lula bateu o martelo e autorizou que Fernando Haddad seja oficializado como candidato do PT ao Planalto nesta ter\u00e7a-feira (11), em frente \u00e0&hellip; <\/p>\n","protected":false},"author":1,"featured_media":63731,"comment_status":"closed","ping_status":"closed","sticky":false,"template":"","format":"standard","meta":{"sfsi_plus_gutenberg_text_before_share":"","sfsi_plus_gutenberg_show_text_before_share":"","sfsi_plus_gutenberg_icon_type":"","sfsi_plus_gutenberg_icon_alignemt":"","sfsi_plus_gutenburg_max_per_row":"","footnotes":""},"categories":[1],"tags":[],"class_list":["post-64697","post","type-post","status-publish","format-standard","has-post-thumbnail","hentry","category-o-site"],"_links":{"self":[{"href":"https:\/\/www.caririemacao.com\/1\/wp-json\/wp\/v2\/posts\/64697","targetHints":{"allow":["GET"]}}],"collection":[{"href":"https:\/\/www.caririemacao.com\/1\/wp-json\/wp\/v2\/posts"}],"about":[{"href":"https:\/\/www.caririemacao.com\/1\/wp-json\/wp\/v2\/types\/post"}],"author":[{"embeddable":true,"href":"https:\/\/www.caririemacao.com\/1\/wp-json\/wp\/v2\/users\/1"}],"replies":[{"embeddable":true,"href":"https:\/\/www.caririemacao.com\/1\/wp-json\/wp\/v2\/comments?post=64697"}],"version-history":[{"count":1,"href":"https:\/\/www.caririemacao.com\/1\/wp-json\/wp\/v2\/posts\/64697\/revisions"}],"predecessor-version":[{"id":64698,"href":"https:\/\/www.caririemacao.com\/1\/wp-json\/wp\/v2\/posts\/64697\/revisions\/64698"}],"wp:featuredmedia":[{"embeddable":true,"href":"https:\/\/www.caririemacao.com\/1\/wp-json\/wp\/v2\/media\/63731"}],"wp:attachment":[{"href":"https:\/\/www.caririemacao.com\/1\/wp-json\/wp\/v2\/media?parent=64697"}],"wp:term":[{"taxonomy":"category","embeddable":true,"href":"https:\/\/www.caririemacao.com\/1\/wp-json\/wp\/v2\/categories?post=64697"},{"taxonomy":"post_tag","embeddable":true,"href":"https:\/\/www.caririemacao.com\/1\/wp-json\/wp\/v2\/tags?post=64697"}],"curies":[{"name":"wp","href":"https:\/\/api.w.org\/{rel}","templated":true}]}}