{"id":64709,"date":"2018-09-11T13:53:20","date_gmt":"2018-09-11T16:53:20","guid":{"rendered":"http:\/\/www.caririemacao.com\/1\/?p=64709"},"modified":"2018-09-11T13:53:20","modified_gmt":"2018-09-11T16:53:20","slug":"ii-encontro-de-aeromodelismo-acontece-neste-domingo-em-monteiro","status":"publish","type":"post","link":"https:\/\/www.caririemacao.com\/1\/2018\/09\/11\/ii-encontro-de-aeromodelismo-acontece-neste-domingo-em-monteiro\/","title":{"rendered":"II Encontro de Aeromodelismo acontece neste domingo em Monteiro"},"content":{"rendered":"<p><img fetchpriority=\"high\" decoding=\"async\" class=\"alignnone size-medium wp-image-64712\" src=\"http:\/\/www.caririemacao.com\/1\/wp-content\/uploads\/2018\/09\/Primeiro-Encontro-de-Aeromodelismo4-300x225.jpeg\" alt=\"\" width=\"300\" height=\"225\" srcset=\"https:\/\/www.caririemacao.com\/1\/wp-content\/uploads\/2018\/09\/Primeiro-Encontro-de-Aeromodelismo4-300x225.jpeg 300w, https:\/\/www.caririemacao.com\/1\/wp-content\/uploads\/2018\/09\/Primeiro-Encontro-de-Aeromodelismo4-768x576.jpeg 768w, https:\/\/www.caririemacao.com\/1\/wp-content\/uploads\/2018\/09\/Primeiro-Encontro-de-Aeromodelismo4.jpeg 1024w\" sizes=\"(max-width: 300px) 100vw, 300px\" \/>O fim de semana promete olhos voltados para o c\u00e9u na cidade de Monteiro. Ganhar\u00e3o os ares no Aer\u00f3dromo dezenas de avi\u00f5es, helic\u00f3pteros, jatos \u00e0 combust\u00e3o e drones vindos dos estados de Pernambuco, Rio Grande do Norte, Alagoas e cidades da Para\u00edba.<br \/>\nO evento acontece na manh\u00e3 deste domingo, 16, com entrada gratuita, assim como as inscri\u00e7\u00f5es dos aeromodelistas que vir\u00e3o \u00e0 cidade participar do II Encontro de Aeromodelismo.<br \/>\nCom todo o apoio da Prefeitura de Monteiro, os esportistas poder\u00e3o usufruir de uma estrutura com toda comodidade como tendas, mesas, cadeiras, caf\u00e9 da manh\u00e3, lanche, \u00e1gua e camisa.<br \/>\nPara o organizador do evento, Hermano Ara\u00fajo, a expectativa \u00e9 que o evento deste ano supere o do ano passado \u201cAcredito que atrairemos mais participantes que na primeira edi\u00e7\u00e3o do evento, j\u00e1 temos alguns estados confirmados e o acesso e a estrutura nos permite acomodar muito mais pessoas e fazer um belo espet\u00e1culo nos c\u00e9us da cidade\u201d.<br \/>\nAl\u00e9m das apresenta\u00e7\u00f5es no c\u00e9u, a cidade de Monteiro tamb\u00e9m ganha em rela\u00e7\u00e3o \u00e0 economia, pois os participantes tem feito reservas nas instala\u00e7\u00f5es de pousadas e hot\u00e9is da cidade.<\/p>\n<p><strong>Ascom\/Monteiro\u00a0<\/strong><\/p>\n<p>Cariri em A\u00e7\u00e3o<\/p>\n<p>Leia mais not\u00edcias em\u00a0<a href=\"http:\/\/www.caririemacao.com\/\">caririemacao.com<\/a>, siga nossa p\u00e1gina no\u00a0<a href=\"https:\/\/www.facebook.com\/CaririEmAcao\/?ref=aymt_homepage_panel\">Facebook<\/a>,\u00a0<a href=\"https:\/\/www.instagram.com\/cariri_em_acao\/?hl=pt-br\">Instagram<\/a>\u00a0e\u00a0<a href=\"https:\/\/www.youtube.com\/channel\/UCAptA0jQuYQy8vMhLt2m4qg\">Youtube<\/a>\u00a0e veja nossas mat\u00e9rias, v\u00eddeos e fotos. Voc\u00ea tamb\u00e9m pode enviar informa\u00e7\u00f5es \u00e0 Reda\u00e7\u00e3o do Portal Cariri em A\u00e7\u00e3o pelo WhatsApp (83) 9 9634.5791, (83) 9 9601-1162.<\/p>\n","protected":false},"excerpt":{"rendered":"<p>O fim de semana promete olhos voltados para o c\u00e9u na cidade de Monteiro. Ganhar\u00e3o os ares no Aer\u00f3dromo dezenas de avi\u00f5es, helic\u00f3pteros, jatos \u00e0&hellip; <\/p>\n","protected":false},"author":1,"featured_media":64711,"comment_status":"closed","ping_status":"closed","sticky":false,"template":"","format":"standard","meta":{"sfsi_plus_gutenberg_text_before_share":"","sfsi_plus_gutenberg_show_text_before_share":"","sfsi_plus_gutenberg_icon_type":"","sfsi_plus_gutenberg_icon_alignemt":"","sfsi_plus_gutenburg_max_per_row":"","footnotes":""},"categories":[2],"tags":[],"class_list":["post-64709","post","type-post","status-publish","format-standard","has-post-thumbnail","hentry","category-geral"],"_links":{"self":[{"href":"https:\/\/www.caririemacao.com\/1\/wp-json\/wp\/v2\/posts\/64709","targetHints":{"allow":["GET"]}}],"collection":[{"href":"https:\/\/www.caririemacao.com\/1\/wp-json\/wp\/v2\/posts"}],"about":[{"href":"https:\/\/www.caririemacao.com\/1\/wp-json\/wp\/v2\/types\/post"}],"author":[{"embeddable":true,"href":"https:\/\/www.caririemacao.com\/1\/wp-json\/wp\/v2\/users\/1"}],"replies":[{"embeddable":true,"href":"https:\/\/www.caririemacao.com\/1\/wp-json\/wp\/v2\/comments?post=64709"}],"version-history":[{"count":1,"href":"https:\/\/www.caririemacao.com\/1\/wp-json\/wp\/v2\/posts\/64709\/revisions"}],"predecessor-version":[{"id":64713,"href":"https:\/\/www.caririemacao.com\/1\/wp-json\/wp\/v2\/posts\/64709\/revisions\/64713"}],"wp:featuredmedia":[{"embeddable":true,"href":"https:\/\/www.caririemacao.com\/1\/wp-json\/wp\/v2\/media\/64711"}],"wp:attachment":[{"href":"https:\/\/www.caririemacao.com\/1\/wp-json\/wp\/v2\/media?parent=64709"}],"wp:term":[{"taxonomy":"category","embeddable":true,"href":"https:\/\/www.caririemacao.com\/1\/wp-json\/wp\/v2\/categories?post=64709"},{"taxonomy":"post_tag","embeddable":true,"href":"https:\/\/www.caririemacao.com\/1\/wp-json\/wp\/v2\/tags?post=64709"}],"curies":[{"name":"wp","href":"https:\/\/api.w.org\/{rel}","templated":true}]}}