{"id":64714,"date":"2018-09-11T14:00:59","date_gmt":"2018-09-11T17:00:59","guid":{"rendered":"http:\/\/www.caririemacao.com\/1\/?p=64714"},"modified":"2018-09-11T14:00:59","modified_gmt":"2018-09-11T17:00:59","slug":"a-prefeitura-de-gurjao-realizou-nesta-sexta-feira-07-09-um-dos-maiores-desfile-civico-da-historia-da-cidade","status":"publish","type":"post","link":"https:\/\/www.caririemacao.com\/1\/2018\/09\/11\/a-prefeitura-de-gurjao-realizou-nesta-sexta-feira-07-09-um-dos-maiores-desfile-civico-da-historia-da-cidade\/","title":{"rendered":"A Prefeitura de Gurj\u00e3o\u00a0\u00a0realizou\u00a0nesta sexta-feira (07\/09), um\u00a0\u00a0dos maiores desfile c\u00edvico\u00a0\u00a0da historia da cidade"},"content":{"rendered":"<p style=\"font-weight: 400;\"><img fetchpriority=\"high\" decoding=\"async\" class=\"alignnone size-medium wp-image-64715\" src=\"http:\/\/www.caririemacao.com\/1\/wp-content\/uploads\/2018\/09\/DSC0924-300x200.jpg\" alt=\"\" width=\"300\" height=\"200\" srcset=\"https:\/\/www.caririemacao.com\/1\/wp-content\/uploads\/2018\/09\/DSC0924-300x200.jpg 300w, https:\/\/www.caririemacao.com\/1\/wp-content\/uploads\/2018\/09\/DSC0924.jpg 720w\" sizes=\"(max-width: 300px) 100vw, 300px\" \/>A Prefeitura de Gurj\u00e3o\u00a0\u00a0realizou\u00a0nesta sexta-feira (07\/09), um\u00a0\u00a0dos maiores desfile c\u00edvico\u00a0\u00a0da historia da cidade em comemora\u00e7\u00e3o ao dia da Independ\u00eancia do Brasil,\u00a0\u00a0as comemora\u00e7\u00f5es foram abertas com o hasteamento das bandeiras com a execu\u00e7\u00e3o dos hinos do Brasil e de Gurj\u00e3o regido pela filarm\u00f4nica Nossa Senhora do Ros\u00e1rio durante a manh\u00e3\u00a0\u00a0,\u00a0com apoio da Prefeitura, a Secretaria Municipal de Educa\u00e7\u00e3o realizou esse grande desfile e\u00a0\u00a0com o tema \u201caprender , ouvir e brincar: Instrumentos e ritmos musicais\u201d, onde a gest\u00e3o deu total apoio para as escolas realizarem as comemora\u00e7\u00f5es da independ\u00eancia. A programa\u00e7\u00e3o teve no tarde\u00a0\u00a0teve\u00a0in\u00edcio \u00e0s 16 horas, onde alunos e professores desfilaram em diversas alas com temas distintos.<\/p>\n<p style=\"font-weight: 400;\">Todas as escolas\u00a0\u00a0da rede municipal de ensino , al\u00e9m da creche Maria Graciete\u00a0\u00a0e a escola estadual Juarez Maracaj\u00e1 participaram das comemora\u00e7\u00f5es, com apresenta\u00e7\u00f5es das fanfarras, filarm\u00f4nica\u00a0\u00a0e balizas, al\u00e9m da Policia Militar\u00a0\u00a0e a reserva do exercito que desfilaram pelas principais ruas da cidade, o evento contou com a participa\u00e7\u00e3o da banda fanfarra da escola Estadual de Serra Branca e por fim o evento foi encerrado em pra\u00e7a publica quando se desfez o pavilh\u00e3o das bandeiras.<\/p>\n<p style=\"font-weight: 400;\">\n<p style=\"font-weight: 400;\">\u201cA expectativa era grande, porque \u00e9 um instante em que se re\u00fanem a comunidade e a fam\u00edlia, para lembrar o momento hist\u00f3rico da Proclama\u00e7\u00e3o da Independ\u00eancia do Brasil. Al\u00e9m disso, estimula em todos os sentimentos de amor e respeito ao pa\u00eds em que vivemos e aos s\u00edmbolos nacionais como o hino e a bandeira e os valores do cidad\u00e3o\u201d, explicou Ronaldo Queiroz.<\/p>\n<p><strong>Ascom\/Gurj\u00e3o\u00a0<\/strong><\/p>\n<p>Cariri em A\u00e7\u00e3o<\/p>\n<p>Leia mais not\u00edcias em\u00a0<a href=\"http:\/\/www.caririemacao.com\/\">caririemacao.com<\/a>, siga nossa p\u00e1gina no\u00a0<a href=\"https:\/\/www.facebook.com\/CaririEmAcao\/?ref=aymt_homepage_panel\">Facebook<\/a>,\u00a0<a href=\"https:\/\/www.instagram.com\/cariri_em_acao\/?hl=pt-br\">Instagram<\/a>\u00a0e\u00a0<a href=\"https:\/\/www.youtube.com\/channel\/UCAptA0jQuYQy8vMhLt2m4qg\">Youtube<\/a>\u00a0e veja nossas mat\u00e9rias, v\u00eddeos e fotos. Voc\u00ea tamb\u00e9m pode enviar informa\u00e7\u00f5es \u00e0 Reda\u00e7\u00e3o do Portal Cariri em A\u00e7\u00e3o pelo WhatsApp (83) 9 9634.5791, (83) 9 9601-1162.<\/p>\n","protected":false},"excerpt":{"rendered":"<p>A Prefeitura de Gurj\u00e3o\u00a0\u00a0realizou\u00a0nesta sexta-feira (07\/09), um\u00a0\u00a0dos maiores desfile c\u00edvico\u00a0\u00a0da historia da cidade em comemora\u00e7\u00e3o ao dia da Independ\u00eancia do Brasil,\u00a0\u00a0as comemora\u00e7\u00f5es foram abertas com&hellip; <\/p>\n","protected":false},"author":1,"featured_media":64716,"comment_status":"closed","ping_status":"closed","sticky":false,"template":"","format":"standard","meta":{"sfsi_plus_gutenberg_text_before_share":"","sfsi_plus_gutenberg_show_text_before_share":"","sfsi_plus_gutenberg_icon_type":"","sfsi_plus_gutenberg_icon_alignemt":"","sfsi_plus_gutenburg_max_per_row":"","footnotes":""},"categories":[6],"tags":[],"class_list":["post-64714","post","type-post","status-publish","format-standard","has-post-thumbnail","hentry","category-cidades"],"_links":{"self":[{"href":"https:\/\/www.caririemacao.com\/1\/wp-json\/wp\/v2\/posts\/64714","targetHints":{"allow":["GET"]}}],"collection":[{"href":"https:\/\/www.caririemacao.com\/1\/wp-json\/wp\/v2\/posts"}],"about":[{"href":"https:\/\/www.caririemacao.com\/1\/wp-json\/wp\/v2\/types\/post"}],"author":[{"embeddable":true,"href":"https:\/\/www.caririemacao.com\/1\/wp-json\/wp\/v2\/users\/1"}],"replies":[{"embeddable":true,"href":"https:\/\/www.caririemacao.com\/1\/wp-json\/wp\/v2\/comments?post=64714"}],"version-history":[{"count":1,"href":"https:\/\/www.caririemacao.com\/1\/wp-json\/wp\/v2\/posts\/64714\/revisions"}],"predecessor-version":[{"id":64718,"href":"https:\/\/www.caririemacao.com\/1\/wp-json\/wp\/v2\/posts\/64714\/revisions\/64718"}],"wp:featuredmedia":[{"embeddable":true,"href":"https:\/\/www.caririemacao.com\/1\/wp-json\/wp\/v2\/media\/64716"}],"wp:attachment":[{"href":"https:\/\/www.caririemacao.com\/1\/wp-json\/wp\/v2\/media?parent=64714"}],"wp:term":[{"taxonomy":"category","embeddable":true,"href":"https:\/\/www.caririemacao.com\/1\/wp-json\/wp\/v2\/categories?post=64714"},{"taxonomy":"post_tag","embeddable":true,"href":"https:\/\/www.caririemacao.com\/1\/wp-json\/wp\/v2\/tags?post=64714"}],"curies":[{"name":"wp","href":"https:\/\/api.w.org\/{rel}","templated":true}]}}