{"id":64721,"date":"2018-09-11T14:06:43","date_gmt":"2018-09-11T17:06:43","guid":{"rendered":"http:\/\/www.caririemacao.com\/1\/?p=64721"},"modified":"2018-09-11T14:06:43","modified_gmt":"2018-09-11T17:06:43","slug":"rede-municipal-de-educacao-de-sume-desfilou-com-varios-temas","status":"publish","type":"post","link":"https:\/\/www.caririemacao.com\/1\/2018\/09\/11\/rede-municipal-de-educacao-de-sume-desfilou-com-varios-temas\/","title":{"rendered":"Rede municipal de educa\u00e7\u00e3o de Sum\u00e9 desfilou com v\u00e1rios temas"},"content":{"rendered":"<p><img fetchpriority=\"high\" decoding=\"async\" class=\"alignnone size-medium wp-image-64725\" src=\"http:\/\/www.caririemacao.com\/1\/wp-content\/uploads\/2018\/09\/autoridades-300x200.jpg\" alt=\"\" width=\"300\" height=\"200\" srcset=\"https:\/\/www.caririemacao.com\/1\/wp-content\/uploads\/2018\/09\/autoridades-300x200.jpg 300w, https:\/\/www.caririemacao.com\/1\/wp-content\/uploads\/2018\/09\/autoridades-768x511.jpg 768w, https:\/\/www.caririemacao.com\/1\/wp-content\/uploads\/2018\/09\/autoridades.jpg 800w\" sizes=\"(max-width: 300px) 100vw, 300px\" \/>A Prefeitura de Sum\u00e9 realizou a Semana da P\u00e1tria, nos dias 06 e 07 de setembro, com a tem\u00e1tica \u201cdo passado ao presente\u201d. Uma homenagem aos 196 anos de independ\u00eancia do Brasil. Em dois dias, a pra\u00e7a p\u00fablica Adolfo Mayer deu lugar a apresenta\u00e7\u00f5es culturais, \u2014 Filarm\u00f4nica Maestro Ant\u00f4nio Josu\u00e9 de Lima e Bandas Marciais de nossa cidade, al\u00e9m do hasteamento das bandeiras, e os tradicionais desfiles: Pol\u00edcia Militar, escolas particulares e a rede educacional do munic\u00edpio.<br \/>\nRecortes de nossa hist\u00f3ria foram retratados em um desfile unificado. Dos primeiros habitantes de nossa terra, \u00cdndio, passando pela chegada da Fam\u00edlia Real em nosso territ\u00f3rio, at\u00e9 \u00e0 independ\u00eancia do Brasil em 1822, pontuaram a primeira parte das apresenta\u00e7\u00f5es.<br \/>\nNa sequ\u00eancia, temas que afetam a nossa sociedade, como trabalho infantil, explora\u00e7\u00e3o sexual, corrup\u00e7\u00e3o, viol\u00eancia contra a mulher, dificuldade social, drogas, bullyng, homofobia, racismo, discrimina\u00e7\u00e3o entre outros, foram abordados pelas escolas municipais. \u201c\u00c9 dever de todos n\u00f3s combater todo tipo de discrimina\u00e7\u00e3o por quest\u00e3o de ra\u00e7a, g\u00eanero, etnia ou op\u00e7\u00e3o sexual\u201d, dizia uma das faixas.<br \/>\nO grupo da alegria, do servi\u00e7o de conviv\u00eancia e fortalecimento de v\u00ednculos, de Sum\u00e9, levou o idoso a desfilar na avenida. \u201cRespeitar \u00e0 pessoa idosa \u00e9 tratar o pr\u00f3prio futuro com respeito\u201d, dizia. Ainda seguindo essa tem\u00e1tica social, uma grande \u00e1rvore que simbolizava o crescimento da crian\u00e7a em suas diversas dimens\u00f5es tamb\u00e9m foi retratada por estudantes. \u201cUma crian\u00e7a feliz torna um adulto feliz, um adulto feliz torna-se um idoso realizado\u201d.<br \/>\nFuturo<br \/>\nQue valores s\u00e3o necess\u00e1rios para se ter um Brasil melhor?, seguia questionando o desfile. \u201cEsporte, lazer, fam\u00edlia, inclus\u00e3o, transforma\u00e7\u00e3o, educa\u00e7\u00e3o, solidariedade cultura, cidadania, prote\u00e7\u00e3o, arte, s\u00e3o fontes importantes de conviv\u00eancia social\u201d, e consequentemente, para se ter um lugar melhor para viver, informava os dizeres em uma grande \u00e1rvore segurada por componentes de uma escola.<br \/>\nA Paz<br \/>\nNosso sonho \u00e9 ultrapassar barreira de guerra e conquistar um mundo de mais harmonia, bondade, f\u00e9, justi\u00e7a, esperan\u00e7a e mansid\u00e3o. Por isso levantamos essa bandeira, refletia um pelot\u00e3o vestido de branco e com bolas brancas dando \u00eanfase a mensagem. \u201cEnxergar o novo mundo com sabedoria, respeito, \u00e9tica e educa\u00e7\u00e3o, pois, como se sabe, s\u00f3 a educa\u00e7\u00e3o transforma realidade e n\u00f3s acreditamos\u201d, continuaram as apresenta\u00e7\u00f5es.<br \/>\nPor fim, um arco-\u00edris em forma de uma alian\u00e7a entre Deus e os seres vivos de todas as esp\u00e9cies que vivem na terra e simboliza a renova\u00e7\u00e3o, esperan\u00e7a e o desenvolvimento da personalidade e na forma\u00e7\u00e3o da consci\u00eancia da crian\u00e7a, encerrou os desfiles das escolas municipais de Sum\u00e9, em homenagem a Independ\u00eancia do Brasil. Ainda no per\u00edodo da tarde, teve um Jogo no Est\u00e1dio o Jacint\u00e3o, entre FEMAR X CSC.<\/p>\n<p><strong>ASCOM\/SUM\u00c9 <\/strong><\/p>\n<p>Cariri em A\u00e7\u00e3o<\/p>\n<p>Leia mais not\u00edcias em\u00a0<a href=\"http:\/\/www.caririemacao.com\/\">caririemacao.com<\/a>, siga nossa p\u00e1gina no\u00a0<a href=\"https:\/\/www.facebook.com\/CaririEmAcao\/?ref=aymt_homepage_panel\">Facebook<\/a>,\u00a0<a href=\"https:\/\/www.instagram.com\/cariri_em_acao\/?hl=pt-br\">Instagram<\/a>\u00a0e\u00a0<a href=\"https:\/\/www.youtube.com\/channel\/UCAptA0jQuYQy8vMhLt2m4qg\">Youtube<\/a>\u00a0e veja nossas mat\u00e9rias, v\u00eddeos e fotos. Voc\u00ea tamb\u00e9m pode enviar informa\u00e7\u00f5es \u00e0 Reda\u00e7\u00e3o do Portal Cariri em A\u00e7\u00e3o pelo WhatsApp (83) 9 9634.5791, (83) 9 9601-1162.<\/p>\n","protected":false},"excerpt":{"rendered":"<p>A Prefeitura de Sum\u00e9 realizou a Semana da P\u00e1tria, nos dias 06 e 07 de setembro, com a tem\u00e1tica \u201cdo passado ao presente\u201d. Uma homenagem&hellip; <\/p>\n","protected":false},"author":1,"featured_media":64726,"comment_status":"closed","ping_status":"closed","sticky":false,"template":"","format":"standard","meta":{"sfsi_plus_gutenberg_text_before_share":"","sfsi_plus_gutenberg_show_text_before_share":"","sfsi_plus_gutenberg_icon_type":"","sfsi_plus_gutenberg_icon_alignemt":"","sfsi_plus_gutenburg_max_per_row":"","footnotes":""},"categories":[14],"tags":[],"class_list":["post-64721","post","type-post","status-publish","format-standard","has-post-thumbnail","hentry","category-educacao"],"_links":{"self":[{"href":"https:\/\/www.caririemacao.com\/1\/wp-json\/wp\/v2\/posts\/64721","targetHints":{"allow":["GET"]}}],"collection":[{"href":"https:\/\/www.caririemacao.com\/1\/wp-json\/wp\/v2\/posts"}],"about":[{"href":"https:\/\/www.caririemacao.com\/1\/wp-json\/wp\/v2\/types\/post"}],"author":[{"embeddable":true,"href":"https:\/\/www.caririemacao.com\/1\/wp-json\/wp\/v2\/users\/1"}],"replies":[{"embeddable":true,"href":"https:\/\/www.caririemacao.com\/1\/wp-json\/wp\/v2\/comments?post=64721"}],"version-history":[{"count":1,"href":"https:\/\/www.caririemacao.com\/1\/wp-json\/wp\/v2\/posts\/64721\/revisions"}],"predecessor-version":[{"id":64727,"href":"https:\/\/www.caririemacao.com\/1\/wp-json\/wp\/v2\/posts\/64721\/revisions\/64727"}],"wp:featuredmedia":[{"embeddable":true,"href":"https:\/\/www.caririemacao.com\/1\/wp-json\/wp\/v2\/media\/64726"}],"wp:attachment":[{"href":"https:\/\/www.caririemacao.com\/1\/wp-json\/wp\/v2\/media?parent=64721"}],"wp:term":[{"taxonomy":"category","embeddable":true,"href":"https:\/\/www.caririemacao.com\/1\/wp-json\/wp\/v2\/categories?post=64721"},{"taxonomy":"post_tag","embeddable":true,"href":"https:\/\/www.caririemacao.com\/1\/wp-json\/wp\/v2\/tags?post=64721"}],"curies":[{"name":"wp","href":"https:\/\/api.w.org\/{rel}","templated":true}]}}