{"id":64729,"date":"2018-09-11T14:15:47","date_gmt":"2018-09-11T17:15:47","guid":{"rendered":"http:\/\/www.caririemacao.com\/1\/?p=64729"},"modified":"2018-09-11T14:15:47","modified_gmt":"2018-09-11T17:15:47","slug":"banda-mirim-benicia-alves-faz-apresentacao-na-vizinha-cidade-da-prata","status":"publish","type":"post","link":"https:\/\/www.caririemacao.com\/1\/2018\/09\/11\/banda-mirim-benicia-alves-faz-apresentacao-na-vizinha-cidade-da-prata\/","title":{"rendered":"Banda Mirim Ben\u00edcia Alves faz apresenta\u00e7\u00e3o na vizinha cidade da Prata"},"content":{"rendered":"<p><img fetchpriority=\"high\" decoding=\"async\" class=\"alignnone size-medium wp-image-64732\" src=\"http:\/\/www.caririemacao.com\/1\/wp-content\/uploads\/2018\/09\/Banda-Mirim-Ben\u00edcia-Alves13-300x169.jpeg\" alt=\"\" width=\"300\" height=\"169\" srcset=\"https:\/\/www.caririemacao.com\/1\/wp-content\/uploads\/2018\/09\/Banda-Mirim-Ben\u00edcia-Alves13-300x169.jpeg 300w, https:\/\/www.caririemacao.com\/1\/wp-content\/uploads\/2018\/09\/Banda-Mirim-Ben\u00edcia-Alves13-768x432.jpeg 768w, https:\/\/www.caririemacao.com\/1\/wp-content\/uploads\/2018\/09\/Banda-Mirim-Ben\u00edcia-Alves13.jpeg 1024w\" sizes=\"(max-width: 300px) 100vw, 300px\" \/>Na manh\u00e3 do dia 07 de setembro os alunos da Banda Mirim da Escola Ben\u00edcia Alves, da comunidade rural de Santa Catarina, participaram da realiza\u00e7\u00e3o das comemora\u00e7\u00f5es da Independ\u00eancia do Brasil na cidade da Prata.<br \/>\nO convite para a apresenta\u00e7\u00e3o foi feita pela professora Fatima Chagas da Creche Tia Mocinha. As crian\u00e7as acompanharam o desfile da Escola Irene Ramos que tem por diretora a professora Floriza Tina.<br \/>\n\u201cFoi um sucesso, toda equipe est\u00e1 de parab\u00e9ns. Obrigada popula\u00e7\u00e3o da Prata que \u00e9 um povo muito receptivo, a Banda Mirim Ben\u00edcia Alves de Santa Catarina tamb\u00e9m agradece a todos. N\u00e3o poderia deixar de agradecer tamb\u00e9m aos pais dos alunos por tudo\u201d exprime animada a diretora da Escola Ben\u00edcia Alves, M\u00e1rcia Guedes.<br \/>\nA Banda da Escola Ben\u00edcia Alves, da comunidade rural de Santa Catarina, \u00e9 a primeira Banda Mirim do munic\u00edpio de Monteiro, o que \u00e9 motivo de orgulho para a comunidade, professores e pais.<br \/>\nCom a reg\u00eancia do maestro Edgley e com toda anima\u00e7\u00e3o, os alunos do 3\u00ba, 4\u00ba e 5\u00ba anos da Ben\u00edcia ainda participaram dos desfiles c\u00edvicos de Monteiro no per\u00edodo da tarde dando um verdadeiro show de beleza, sincronia e harmonia.<br \/>\n\u201cDesde j\u00e1 deixamos nosso agradecimento e o convite a toda popula\u00e7\u00e3o para ir prestigiar o desfile da comunidade que ainda \u00e9 este m\u00eas. Agradecemos a prefeita de Monteiro, Anna Lorena, Ana Lima e a Genice que s\u00e3o nossas secret\u00e1rias de educa\u00e7\u00e3o, por acreditar no nosso trabalho e sempre disponibilizar o que precisamos. Agradecemos tamb\u00e9m a todos da equipe da Escola Ben\u00edcia e aos pais pelo apoio\u201d, comenta M\u00e1rcia Guedes.<\/p>\n<p><strong>Ascom\/Prata\u00a0<\/strong><\/p>\n<p>Cariri em A\u00e7\u00e3o<\/p>\n<p>Leia mais not\u00edcias em\u00a0<a href=\"http:\/\/www.caririemacao.com\/\">caririemacao.com<\/a>, siga nossa p\u00e1gina no\u00a0<a href=\"https:\/\/www.facebook.com\/CaririEmAcao\/?ref=aymt_homepage_panel\">Facebook<\/a>,\u00a0<a href=\"https:\/\/www.instagram.com\/cariri_em_acao\/?hl=pt-br\">Instagram<\/a>\u00a0e\u00a0<a href=\"https:\/\/www.youtube.com\/channel\/UCAptA0jQuYQy8vMhLt2m4qg\">Youtube<\/a>\u00a0e veja nossas mat\u00e9rias, v\u00eddeos e fotos. Voc\u00ea tamb\u00e9m pode enviar informa\u00e7\u00f5es \u00e0 Reda\u00e7\u00e3o do Portal Cariri em A\u00e7\u00e3o pelo WhatsApp (83) 9 9634.5791, (83) 9 9601-1162.<\/p>\n","protected":false},"excerpt":{"rendered":"<p>Na manh\u00e3 do dia 07 de setembro os alunos da Banda Mirim da Escola Ben\u00edcia Alves, da comunidade rural de Santa Catarina, participaram da realiza\u00e7\u00e3o&hellip; <\/p>\n","protected":false},"author":1,"featured_media":64731,"comment_status":"closed","ping_status":"closed","sticky":false,"template":"","format":"standard","meta":{"sfsi_plus_gutenberg_text_before_share":"","sfsi_plus_gutenberg_show_text_before_share":"","sfsi_plus_gutenberg_icon_type":"","sfsi_plus_gutenberg_icon_alignemt":"","sfsi_plus_gutenburg_max_per_row":"","footnotes":""},"categories":[2],"tags":[],"class_list":["post-64729","post","type-post","status-publish","format-standard","has-post-thumbnail","hentry","category-geral"],"_links":{"self":[{"href":"https:\/\/www.caririemacao.com\/1\/wp-json\/wp\/v2\/posts\/64729","targetHints":{"allow":["GET"]}}],"collection":[{"href":"https:\/\/www.caririemacao.com\/1\/wp-json\/wp\/v2\/posts"}],"about":[{"href":"https:\/\/www.caririemacao.com\/1\/wp-json\/wp\/v2\/types\/post"}],"author":[{"embeddable":true,"href":"https:\/\/www.caririemacao.com\/1\/wp-json\/wp\/v2\/users\/1"}],"replies":[{"embeddable":true,"href":"https:\/\/www.caririemacao.com\/1\/wp-json\/wp\/v2\/comments?post=64729"}],"version-history":[{"count":1,"href":"https:\/\/www.caririemacao.com\/1\/wp-json\/wp\/v2\/posts\/64729\/revisions"}],"predecessor-version":[{"id":64733,"href":"https:\/\/www.caririemacao.com\/1\/wp-json\/wp\/v2\/posts\/64729\/revisions\/64733"}],"wp:featuredmedia":[{"embeddable":true,"href":"https:\/\/www.caririemacao.com\/1\/wp-json\/wp\/v2\/media\/64731"}],"wp:attachment":[{"href":"https:\/\/www.caririemacao.com\/1\/wp-json\/wp\/v2\/media?parent=64729"}],"wp:term":[{"taxonomy":"category","embeddable":true,"href":"https:\/\/www.caririemacao.com\/1\/wp-json\/wp\/v2\/categories?post=64729"},{"taxonomy":"post_tag","embeddable":true,"href":"https:\/\/www.caririemacao.com\/1\/wp-json\/wp\/v2\/tags?post=64729"}],"curies":[{"name":"wp","href":"https:\/\/api.w.org\/{rel}","templated":true}]}}