{"id":64740,"date":"2018-09-11T14:40:18","date_gmt":"2018-09-11T17:40:18","guid":{"rendered":"http:\/\/www.caririemacao.com\/1\/?p=64740"},"modified":"2018-09-11T14:40:18","modified_gmt":"2018-09-11T17:40:18","slug":"executiva-do-pt-aprova-nome-de-haddad-como-novo-candidato-a-presidencia","status":"publish","type":"post","link":"https:\/\/www.caririemacao.com\/1\/2018\/09\/11\/executiva-do-pt-aprova-nome-de-haddad-como-novo-candidato-a-presidencia\/","title":{"rendered":"Executiva do PT aprova nome de Haddad como novo candidato \u00e0 Presid\u00eancia"},"content":{"rendered":"<p>A Executiva Nacional do PT aprovou, por unanimidade nesta ter\u00e7a-feira (11), o nome do ex-prefeito paulistano Fernando Haddad como novo candidato do partido a presidente. A informa\u00e7\u00e3o foi confirmada ao UOL por membros do grupo, que se reuniram em um hotel no centro de Curitiba. A posi\u00e7\u00e3o da deputada estadual Manuela D\u2019\u00c1vila (PCdoB-RS) como vice tamb\u00e9m foi aprovada pelo partido.<\/p>\n<p>A vota\u00e7\u00e3o \u00e9 um tr\u00e2mite burocr\u00e1tico, j\u00e1 que a decis\u00e3o j\u00e1 havia sido tomada pelo candidato anterior, o ex-presidente Luiz In\u00e1cio Lula da Silva (PT). Ele deixa a disputa em raz\u00e3o da decis\u00e3o do TSE (Tribunal Superior Eleitoral) de barrar sua candidatura em raz\u00e3o da Lei da Ficha Limpa.<\/p>\n<p>\u201cCom certeza, n\u00f3s vamos nos preparar para levar Haddad para o segundo turno e ganhar as elei\u00e7\u00f5es presidenciais\u201d, comentou o secret\u00e1rio nacional de mobiliza\u00e7\u00e3o do PT, Ivan Alex Lima.\u00a0\u201c\u00c9 uma decis\u00e3o hist\u00f3rica, \u00e9 um dia hist\u00f3rico. \u00c9 unanimidade na Executiva Nacional do PT o companheiro Fernando Haddad e Manuela na vice.\u201d<\/p>\n<p>Nas redes sociais, petistas j\u00e1 t\u00eam usado as express\u00f5es \u201csomos todos 13 de Lula\u201d e \u201cLula \u00e9 Haddad e Manu 13\u201d.<\/p>\n<p><strong>UOL<\/strong><\/p>\n<p>Cariri em A\u00e7\u00e3o<\/p>\n<p>Leia mais not\u00edcias em\u00a0<a href=\"http:\/\/www.caririemacao.com\/\">caririemacao.com<\/a>, siga nossa p\u00e1gina no\u00a0<a href=\"https:\/\/www.facebook.com\/CaririEmAcao\/?ref=aymt_homepage_panel\">Facebook<\/a>,\u00a0<a href=\"https:\/\/www.instagram.com\/cariri_em_acao\/?hl=pt-br\">Instagram<\/a>\u00a0e\u00a0<a href=\"https:\/\/www.youtube.com\/channel\/UCAptA0jQuYQy8vMhLt2m4qg\">Youtube<\/a>\u00a0e veja nossas mat\u00e9rias, v\u00eddeos e fotos. Voc\u00ea tamb\u00e9m pode enviar informa\u00e7\u00f5es \u00e0 Reda\u00e7\u00e3o do Portal Cariri em A\u00e7\u00e3o pelo WhatsApp (83) 9 9634.5791, (83) 9 9601-1162.<\/p>\n","protected":false},"excerpt":{"rendered":"<p>A Executiva Nacional do PT aprovou, por unanimidade nesta ter\u00e7a-feira (11), o nome do ex-prefeito paulistano Fernando Haddad como novo candidato do partido a presidente.&hellip; <\/p>\n","protected":false},"author":1,"featured_media":60182,"comment_status":"closed","ping_status":"closed","sticky":false,"template":"","format":"standard","meta":{"sfsi_plus_gutenberg_text_before_share":"","sfsi_plus_gutenberg_show_text_before_share":"","sfsi_plus_gutenberg_icon_type":"","sfsi_plus_gutenberg_icon_alignemt":"","sfsi_plus_gutenburg_max_per_row":"","footnotes":""},"categories":[1],"tags":[],"class_list":["post-64740","post","type-post","status-publish","format-standard","has-post-thumbnail","hentry","category-o-site"],"_links":{"self":[{"href":"https:\/\/www.caririemacao.com\/1\/wp-json\/wp\/v2\/posts\/64740","targetHints":{"allow":["GET"]}}],"collection":[{"href":"https:\/\/www.caririemacao.com\/1\/wp-json\/wp\/v2\/posts"}],"about":[{"href":"https:\/\/www.caririemacao.com\/1\/wp-json\/wp\/v2\/types\/post"}],"author":[{"embeddable":true,"href":"https:\/\/www.caririemacao.com\/1\/wp-json\/wp\/v2\/users\/1"}],"replies":[{"embeddable":true,"href":"https:\/\/www.caririemacao.com\/1\/wp-json\/wp\/v2\/comments?post=64740"}],"version-history":[{"count":1,"href":"https:\/\/www.caririemacao.com\/1\/wp-json\/wp\/v2\/posts\/64740\/revisions"}],"predecessor-version":[{"id":64747,"href":"https:\/\/www.caririemacao.com\/1\/wp-json\/wp\/v2\/posts\/64740\/revisions\/64747"}],"wp:featuredmedia":[{"embeddable":true,"href":"https:\/\/www.caririemacao.com\/1\/wp-json\/wp\/v2\/media\/60182"}],"wp:attachment":[{"href":"https:\/\/www.caririemacao.com\/1\/wp-json\/wp\/v2\/media?parent=64740"}],"wp:term":[{"taxonomy":"category","embeddable":true,"href":"https:\/\/www.caririemacao.com\/1\/wp-json\/wp\/v2\/categories?post=64740"},{"taxonomy":"post_tag","embeddable":true,"href":"https:\/\/www.caririemacao.com\/1\/wp-json\/wp\/v2\/tags?post=64740"}],"curies":[{"name":"wp","href":"https:\/\/api.w.org\/{rel}","templated":true}]}}