{"id":64749,"date":"2018-09-11T17:28:35","date_gmt":"2018-09-11T20:28:35","guid":{"rendered":"http:\/\/www.caririemacao.com\/1\/?p=64749"},"modified":"2018-09-11T17:28:35","modified_gmt":"2018-09-11T20:28:35","slug":"haddad-assumir-a-lideranca-do-pleito-e-questao-de-dias-diz-jackson-sobre-novo-candidato-do-pt","status":"publish","type":"post","link":"https:\/\/www.caririemacao.com\/1\/2018\/09\/11\/haddad-assumir-a-lideranca-do-pleito-e-questao-de-dias-diz-jackson-sobre-novo-candidato-do-pt\/","title":{"rendered":"\u201cHaddad assumir a lideran\u00e7a do pleito \u00e9 quest\u00e3o de dias\u201d, diz Jackson sobre novo candidato do PT"},"content":{"rendered":"<p>Ap\u00f3s a confirma\u00e7\u00e3o feita pela executiva nacional do PT de que o nome do ex-prefeito de S\u00e3o Paulo Fernando Haddad ser\u00e1 o novo candidato do partido \u00e0 Presid\u00eancia da Rep\u00fablica, o presidente estadual do PT, Jackson Mac\u00eado, disse acreditar que agora \u00e9 quest\u00e3o de dias para que o petista assuma a lideran\u00e7a das pesquisas nacionais. O candidato anterior do PT era o ex-presidente Lula, que deixa a disputa em raz\u00e3o da decis\u00e3o do Tribunal Superior Eleitoral (TSE) de barrar sua candidatura em decorr\u00eancia da Lei da Ficha Limpa.<\/p>\n<p>Segundo Jackson, Lula eleger\u00e1 o pr\u00f3ximo presidente do pa\u00eds. \u201cA quest\u00e3o de Haddad assumir a lideran\u00e7a do pleito nacional \u00e9 quest\u00e3o de dias. V\u00e1rios especialistas avaliam que Haddad vai para o segundo turno e vai liderando o pleito no primeiro turno. Nas pr\u00f3ximas pesquisas Haddad j\u00e1 est\u00e1 confirmado no segundo turno e com mais dez dias ele aparece em primeiro lugar. Todos os analistas nacionais garantem que Lula elege o pr\u00f3ximo presidente da Rep\u00fablica\u201d, disse.<\/p>\n<p>O presidente do PT destacou tamb\u00e9m que n\u00e3o existir\u00e3o mudan\u00e7as no cen\u00e1rio na Para\u00edba, e garantiu que o palanque de alian\u00e7a com o PSB segue o mesmo.<\/p>\n<p>\u201cNada muda aqui no estado porque o palanque do presidente Lula \u00e9 o mesmo. \u00c9 o palanque de Jo\u00e3o Azev\u00eado. E o PT est\u00e1 firme com esse palanque, porque o palanque est\u00e1 em torno desse projeto. O projeto que Lula representa, \u00e9 o projeto que Haddad representa\u201d, enfatizou.<\/p>\n<p>E acrescentou que o candidato ao Governo do Estado Jo\u00e3o Azev\u00eado (PSB) e o pr\u00f3prio governador Ricardo Coutinho (PSB), estar\u00e3o no palanque do PT independente de Lula ser o candidato.<\/p>\n<p>\u201cJo\u00e3o Azev\u00eado e o pr\u00f3prio governador Ricardo Coutinho, v\u00e1rias vezes disseram que est\u00e3o no palanque independente da candidatura de Lula ou n\u00e3o. Lula sinalizou atrav\u00e9s de carta o apoio \u00e0 candidatura de Jo\u00e3o Azev\u00eado e Haddad tamb\u00e9m est\u00e1 nesse projeto com a gente no estado\u201d, finalizou.<\/p>\n<p><strong>Blog do Gordinho <\/strong><\/p>\n<p>Cariri em A\u00e7\u00e3o<\/p>\n<p>Leia mais not\u00edcias em\u00a0<a href=\"http:\/\/www.caririemacao.com\/\">caririemacao.com<\/a>, siga nossa p\u00e1gina no\u00a0<a href=\"https:\/\/www.facebook.com\/CaririEmAcao\/?ref=aymt_homepage_panel\">Facebook<\/a>,\u00a0<a href=\"https:\/\/www.instagram.com\/cariri_em_acao\/?hl=pt-br\">Instagram<\/a>\u00a0e\u00a0<a href=\"https:\/\/www.youtube.com\/channel\/UCAptA0jQuYQy8vMhLt2m4qg\">Youtube<\/a>\u00a0e veja nossas mat\u00e9rias, v\u00eddeos e fotos. Voc\u00ea tamb\u00e9m pode enviar informa\u00e7\u00f5es \u00e0 Reda\u00e7\u00e3o do Portal Cariri em A\u00e7\u00e3o pelo WhatsApp (83) 9 9634.5791, (83) 9 9601-1162.<\/p>\n","protected":false},"excerpt":{"rendered":"<p>Ap\u00f3s a confirma\u00e7\u00e3o feita pela executiva nacional do PT de que o nome do ex-prefeito de S\u00e3o Paulo Fernando Haddad ser\u00e1 o novo candidato do&hellip; <\/p>\n","protected":false},"author":1,"featured_media":64750,"comment_status":"closed","ping_status":"closed","sticky":false,"template":"","format":"standard","meta":{"sfsi_plus_gutenberg_text_before_share":"","sfsi_plus_gutenberg_show_text_before_share":"","sfsi_plus_gutenberg_icon_type":"","sfsi_plus_gutenberg_icon_alignemt":"","sfsi_plus_gutenburg_max_per_row":"","footnotes":""},"categories":[11],"tags":[],"class_list":["post-64749","post","type-post","status-publish","format-standard","has-post-thumbnail","hentry","category-politica"],"_links":{"self":[{"href":"https:\/\/www.caririemacao.com\/1\/wp-json\/wp\/v2\/posts\/64749","targetHints":{"allow":["GET"]}}],"collection":[{"href":"https:\/\/www.caririemacao.com\/1\/wp-json\/wp\/v2\/posts"}],"about":[{"href":"https:\/\/www.caririemacao.com\/1\/wp-json\/wp\/v2\/types\/post"}],"author":[{"embeddable":true,"href":"https:\/\/www.caririemacao.com\/1\/wp-json\/wp\/v2\/users\/1"}],"replies":[{"embeddable":true,"href":"https:\/\/www.caririemacao.com\/1\/wp-json\/wp\/v2\/comments?post=64749"}],"version-history":[{"count":1,"href":"https:\/\/www.caririemacao.com\/1\/wp-json\/wp\/v2\/posts\/64749\/revisions"}],"predecessor-version":[{"id":64751,"href":"https:\/\/www.caririemacao.com\/1\/wp-json\/wp\/v2\/posts\/64749\/revisions\/64751"}],"wp:featuredmedia":[{"embeddable":true,"href":"https:\/\/www.caririemacao.com\/1\/wp-json\/wp\/v2\/media\/64750"}],"wp:attachment":[{"href":"https:\/\/www.caririemacao.com\/1\/wp-json\/wp\/v2\/media?parent=64749"}],"wp:term":[{"taxonomy":"category","embeddable":true,"href":"https:\/\/www.caririemacao.com\/1\/wp-json\/wp\/v2\/categories?post=64749"},{"taxonomy":"post_tag","embeddable":true,"href":"https:\/\/www.caririemacao.com\/1\/wp-json\/wp\/v2\/tags?post=64749"}],"curies":[{"name":"wp","href":"https:\/\/api.w.org\/{rel}","templated":true}]}}