{"id":64752,"date":"2018-09-11T17:32:31","date_gmt":"2018-09-11T20:32:31","guid":{"rendered":"http:\/\/www.caririemacao.com\/1\/?p=64752"},"modified":"2018-09-11T17:32:31","modified_gmt":"2018-09-11T20:32:31","slug":"stf-rejeita-denuncia-contra-jair-bolsonaro-por-crime-de-racismo","status":"publish","type":"post","link":"https:\/\/www.caririemacao.com\/1\/2018\/09\/11\/stf-rejeita-denuncia-contra-jair-bolsonaro-por-crime-de-racismo\/","title":{"rendered":"STF rejeita den\u00fancia contra Jair Bolsonaro por crime de racismo"},"content":{"rendered":"<p>A Primeira Turma do\u00a0Supremo Tribunal Federal\u00a0(STF) decidiu nesta ter\u00e7a-feira (11) rejeitar, por maioria, 3 votos a 2, a den\u00fancia contra o deputado e presidenci\u00e1vel\u00a0Jair Bolsonaro\u00a0(PSL-RJ) pelo crime de racismo. Com isso, o caso ser\u00e1 arquivado.<\/p>\n<div class=\"wall\">\n<div class=\"mc-column content-text active-extra-styles \" data-block-type=\"unstyled\" data-block-weight=\"31\" data-block-id=\"3\">\n<p class=\"content-text__container \" data-track-category=\"Link no Texto\" data-track-links=\"\">Bolsonaro foi denunciado pela Procuradoria Geral da Rep\u00fablica (PGR) em abril em raz\u00e3o de\u00a0falas consideradas racistas\u00a0numa palestra que fez no ano passado no Clube Hebraica do Rio de janeiro.<\/p>\n<\/div>\n<div class=\"mc-column content-text active-extra-styles \" data-block-type=\"unstyled\" data-block-weight=\"25\" data-block-id=\"4\">\n<p class=\"content-text__container \" data-track-category=\"Link no Texto\" data-track-links=\"\">Na ocasi\u00e3o, disse que, se eleito presidente, n\u00e3o destinar\u00e1 recursos para ONGs e que n\u00e3o vai ter \u201cum cent\u00edmetro demarcado\u201d para reservas ind\u00edgenas ou quilombolas.<\/p>\n<\/div>\n<div class=\"mc-column content-text active-extra-styles \" data-block-type=\"unstyled\" data-block-weight=\"53\" data-block-id=\"5\">\n<p class=\"content-text__container \" data-track-category=\"Link no Texto\" data-track-links=\"\">E acrescentou: \u201cOnde tem uma terra ind\u00edgena, tem uma riqueza embaixo dela. Temos que mudar isso da\u00ed. [\u2026] Eu fui num quilombo, o afrodescendente mais leve l\u00e1 pesava sete arrobas. N\u00e3o fazem nada! Eu acho que nem para procriador ele serve mais. Mais de R$ 1 bilh\u00e3o por ano \u00e9 gastado com eles\u201d.<\/p>\n<\/div>\n<div class=\"mc-column content-text active-extra-styles \" data-block-type=\"unstyled\" data-block-weight=\"35\" data-block-id=\"6\">\n<p class=\"content-text__container \" data-track-category=\"Link no Texto\" data-track-links=\"\">A Primeira Turma come\u00e7ou a analisar o caso no \u00faltimo dia 28 de agosto. O julgamento foi interrompido por um pedido de vista (mais tempo para an\u00e1lise) do presidente da Turma, ministro Alexandre de Moraes.<\/p>\n<\/div>\n<div class=\"mc-column content-text active-extra-styles \" data-block-type=\"unstyled\" data-block-weight=\"37\" data-block-id=\"7\">\n<p class=\"content-text__container \" data-track-category=\"Link no Texto\" data-track-links=\"\">O relator, Marco Aur\u00e9lio Mello, e o ministro Luiz Fux votaram para rejeitar a acusa\u00e7\u00e3o e enterrar as investiga\u00e7\u00f5es sobre Bolsonaro. Lu\u00eds Roberto Barroso e Rosa Weber votaram para receber a den\u00fancia e abrir uma a\u00e7\u00e3o penal.<\/p>\n<\/div>\n<div class=\"mc-column content-text active-extra-styles \" data-block-type=\"unstyled\" data-block-weight=\"27\" data-block-id=\"8\">\n<p class=\"content-text__container \" data-track-category=\"Link no Texto\" data-track-links=\"\">O julgamento foi retomado nesta ter\u00e7a com o voto de Moraes. Ele acompanhou o relator pela rejei\u00e7\u00e3o da den\u00fancia e desempatou o placar a favor do presidenci\u00e1vel.<\/p>\n<\/div>\n<div class=\"mc-column content-text active-extra-styles \" data-block-type=\"unstyled\" data-block-weight=\"51\" data-block-id=\"9\">\n<p class=\"content-text__container \" data-track-category=\"Link no Texto\" data-track-links=\"\">Bolsonaro j\u00e1 \u00e9 r\u00e9u\u00a0em duas a\u00e7\u00f5es penais no STF por inj\u00faria e incita\u00e7\u00e3o ao crime de estupro. Em discurso na tribuna da C\u00e2mara dos Deputados em dezembro de 2014, ele disse que n\u00e3o estupraria a deputada Maria do Ros\u00e1rio (PT-RS) porque ela \u201cn\u00e3o merece\u201d e n\u00e3o faz o \u201ctipo\u201d dele.<\/p>\n<\/div>\n<\/div>\n<div data-track-category=\"fim do conteudo\" data-track-action=\"ultimo chunk conteudo\" data-track-noninteraction=\"false\" data-track-scroll=\"entrada completa viewport\">\n<div class=\"mc-column content-text active-extra-styles \" data-block-type=\"unstyled\" data-block-weight=\"25\" data-block-id=\"10\">\n<p class=\"content-text__container \" data-track-category=\"Link no Texto\" data-track-links=\"\">Embora o STF j\u00e1 tenha decidido que r\u00e9us n\u00e3o podem ocupar a linha sucess\u00f3ria da Presid\u00eancia, atualmente n\u00e3o h\u00e1 impedimento legal para concorrerem nas elei\u00e7\u00f5es.<\/p>\n<p data-track-category=\"Link no Texto\" data-track-links=\"\"><strong>Blog do Gordinho\u00a0<\/strong><\/p>\n<p>Cariri em A\u00e7\u00e3o<\/p>\n<p>Leia mais not\u00edcias em\u00a0<a href=\"http:\/\/www.caririemacao.com\/\">caririemacao.com<\/a>, siga nossa p\u00e1gina no\u00a0<a href=\"https:\/\/www.facebook.com\/CaririEmAcao\/?ref=aymt_homepage_panel\">Facebook<\/a>,\u00a0<a href=\"https:\/\/www.instagram.com\/cariri_em_acao\/?hl=pt-br\">Instagram<\/a>\u00a0e\u00a0<a href=\"https:\/\/www.youtube.com\/channel\/UCAptA0jQuYQy8vMhLt2m4qg\">Youtube<\/a>\u00a0e veja nossas mat\u00e9rias, v\u00eddeos e fotos. Voc\u00ea tamb\u00e9m pode enviar informa\u00e7\u00f5es \u00e0 Reda\u00e7\u00e3o do Portal Cariri em A\u00e7\u00e3o pelo WhatsApp (83) 9 9634.5791, (83) 9 9601-1162.<\/p>\n<\/div>\n<\/div>\n","protected":false},"excerpt":{"rendered":"<p>A Primeira Turma do\u00a0Supremo Tribunal Federal\u00a0(STF) decidiu nesta ter\u00e7a-feira (11) rejeitar, por maioria, 3 votos a 2, a den\u00fancia contra o deputado e presidenci\u00e1vel\u00a0Jair Bolsonaro\u00a0(PSL-RJ)&hellip; <\/p>\n","protected":false},"author":1,"featured_media":44860,"comment_status":"closed","ping_status":"closed","sticky":false,"template":"","format":"standard","meta":{"sfsi_plus_gutenberg_text_before_share":"","sfsi_plus_gutenberg_show_text_before_share":"","sfsi_plus_gutenberg_icon_type":"","sfsi_plus_gutenberg_icon_alignemt":"","sfsi_plus_gutenburg_max_per_row":"","footnotes":""},"categories":[1],"tags":[],"class_list":["post-64752","post","type-post","status-publish","format-standard","has-post-thumbnail","hentry","category-o-site"],"_links":{"self":[{"href":"https:\/\/www.caririemacao.com\/1\/wp-json\/wp\/v2\/posts\/64752","targetHints":{"allow":["GET"]}}],"collection":[{"href":"https:\/\/www.caririemacao.com\/1\/wp-json\/wp\/v2\/posts"}],"about":[{"href":"https:\/\/www.caririemacao.com\/1\/wp-json\/wp\/v2\/types\/post"}],"author":[{"embeddable":true,"href":"https:\/\/www.caririemacao.com\/1\/wp-json\/wp\/v2\/users\/1"}],"replies":[{"embeddable":true,"href":"https:\/\/www.caririemacao.com\/1\/wp-json\/wp\/v2\/comments?post=64752"}],"version-history":[{"count":1,"href":"https:\/\/www.caririemacao.com\/1\/wp-json\/wp\/v2\/posts\/64752\/revisions"}],"predecessor-version":[{"id":64753,"href":"https:\/\/www.caririemacao.com\/1\/wp-json\/wp\/v2\/posts\/64752\/revisions\/64753"}],"wp:featuredmedia":[{"embeddable":true,"href":"https:\/\/www.caririemacao.com\/1\/wp-json\/wp\/v2\/media\/44860"}],"wp:attachment":[{"href":"https:\/\/www.caririemacao.com\/1\/wp-json\/wp\/v2\/media?parent=64752"}],"wp:term":[{"taxonomy":"category","embeddable":true,"href":"https:\/\/www.caririemacao.com\/1\/wp-json\/wp\/v2\/categories?post=64752"},{"taxonomy":"post_tag","embeddable":true,"href":"https:\/\/www.caririemacao.com\/1\/wp-json\/wp\/v2\/tags?post=64752"}],"curies":[{"name":"wp","href":"https:\/\/api.w.org\/{rel}","templated":true}]}}