{"id":64754,"date":"2018-09-11T17:39:58","date_gmt":"2018-09-11T20:39:58","guid":{"rendered":"http:\/\/www.caririemacao.com\/1\/?p=64754"},"modified":"2018-09-11T17:39:58","modified_gmt":"2018-09-11T20:39:58","slug":"prefeita-de-monteiro-decreta-antecipacao-da-feira-livre-desta-semana-devido-a-feriado","status":"publish","type":"post","link":"https:\/\/www.caririemacao.com\/1\/2018\/09\/11\/prefeita-de-monteiro-decreta-antecipacao-da-feira-livre-desta-semana-devido-a-feriado\/","title":{"rendered":"Prefeita de Monteiro decreta antecipa\u00e7\u00e3o da feira livre desta semana devido a feriado"},"content":{"rendered":"<p>A feira livre desta semana ter\u00e1 seu dia alterado, excepcionalmente, devido ao feriado municipal de Nossa Senhora das Dores, padroeira do munic\u00edpio de Monteiro, celebrado no s\u00e1bado dia 15 de setembro.<\/p>\n<p>A atividade ser\u00e1 antecipada para a sexta-feira, 14, no hor\u00e1rio tradicional, ao lado do Mercado P\u00fablico Municipal. No espa\u00e7o, os consumidores podem comprar os mais variados produtos, entre barracas de temperos, frutas, verduras, legumes, bolos, biscoitos e doces, a maioria deles colhida e preparada horas antes do in\u00edcio da feira.<\/p>\n<p>A antecipa\u00e7\u00e3o da feira livre da cidade est\u00e1 disposta no Decreto N\u00ba 1.072. A prefeitura adiantou tamb\u00e9m que a partir do pr\u00f3ximo final de semana, a feira livre continua acontecendo normalmente aos s\u00e1bados.<\/p>\n<p><strong>Cariri Ligado\u00a0<\/strong><\/p>\n<p>Cariri em A\u00e7\u00e3o<\/p>\n<p>Leia mais not\u00edcias em\u00a0<a href=\"http:\/\/www.caririemacao.com\/\">caririemacao.com<\/a>, siga nossa p\u00e1gina no\u00a0<a href=\"https:\/\/www.facebook.com\/CaririEmAcao\/?ref=aymt_homepage_panel\">Facebook<\/a>,\u00a0<a href=\"https:\/\/www.instagram.com\/cariri_em_acao\/?hl=pt-br\">Instagram<\/a>\u00a0e\u00a0<a href=\"https:\/\/www.youtube.com\/channel\/UCAptA0jQuYQy8vMhLt2m4qg\">Youtube<\/a>\u00a0e veja nossas mat\u00e9rias, v\u00eddeos e fotos. Voc\u00ea tamb\u00e9m pode enviar informa\u00e7\u00f5es \u00e0 Reda\u00e7\u00e3o do Portal Cariri em A\u00e7\u00e3o pelo WhatsApp (83) 9 9634.5791, (83) 9 9601-1162.<\/p>\n","protected":false},"excerpt":{"rendered":"<p>A feira livre desta semana ter\u00e1 seu dia alterado, excepcionalmente, devido ao feriado municipal de Nossa Senhora das Dores, padroeira do munic\u00edpio de Monteiro, celebrado&hellip; <\/p>\n","protected":false},"author":1,"featured_media":39888,"comment_status":"closed","ping_status":"closed","sticky":false,"template":"","format":"standard","meta":{"sfsi_plus_gutenberg_text_before_share":"","sfsi_plus_gutenberg_show_text_before_share":"","sfsi_plus_gutenberg_icon_type":"","sfsi_plus_gutenberg_icon_alignemt":"","sfsi_plus_gutenburg_max_per_row":"","footnotes":""},"categories":[2],"tags":[],"class_list":["post-64754","post","type-post","status-publish","format-standard","has-post-thumbnail","hentry","category-geral"],"_links":{"self":[{"href":"https:\/\/www.caririemacao.com\/1\/wp-json\/wp\/v2\/posts\/64754","targetHints":{"allow":["GET"]}}],"collection":[{"href":"https:\/\/www.caririemacao.com\/1\/wp-json\/wp\/v2\/posts"}],"about":[{"href":"https:\/\/www.caririemacao.com\/1\/wp-json\/wp\/v2\/types\/post"}],"author":[{"embeddable":true,"href":"https:\/\/www.caririemacao.com\/1\/wp-json\/wp\/v2\/users\/1"}],"replies":[{"embeddable":true,"href":"https:\/\/www.caririemacao.com\/1\/wp-json\/wp\/v2\/comments?post=64754"}],"version-history":[{"count":1,"href":"https:\/\/www.caririemacao.com\/1\/wp-json\/wp\/v2\/posts\/64754\/revisions"}],"predecessor-version":[{"id":64757,"href":"https:\/\/www.caririemacao.com\/1\/wp-json\/wp\/v2\/posts\/64754\/revisions\/64757"}],"wp:featuredmedia":[{"embeddable":true,"href":"https:\/\/www.caririemacao.com\/1\/wp-json\/wp\/v2\/media\/39888"}],"wp:attachment":[{"href":"https:\/\/www.caririemacao.com\/1\/wp-json\/wp\/v2\/media?parent=64754"}],"wp:term":[{"taxonomy":"category","embeddable":true,"href":"https:\/\/www.caririemacao.com\/1\/wp-json\/wp\/v2\/categories?post=64754"},{"taxonomy":"post_tag","embeddable":true,"href":"https:\/\/www.caririemacao.com\/1\/wp-json\/wp\/v2\/tags?post=64754"}],"curies":[{"name":"wp","href":"https:\/\/api.w.org\/{rel}","templated":true}]}}