{"id":64759,"date":"2018-09-11T19:00:55","date_gmt":"2018-09-11T22:00:55","guid":{"rendered":"http:\/\/www.caririemacao.com\/1\/?p=64759"},"modified":"2018-09-11T19:00:55","modified_gmt":"2018-09-11T22:00:55","slug":"creas-realiza-i-seminario-municipal-de-enfrentamento-a-violencia-domestica-de-monteiro","status":"publish","type":"post","link":"https:\/\/www.caririemacao.com\/1\/2018\/09\/11\/creas-realiza-i-seminario-municipal-de-enfrentamento-a-violencia-domestica-de-monteiro\/","title":{"rendered":"CREAS realiza I Semin\u00e1rio Municipal de Enfrentamento \u00c0 Viol\u00eancia Dom\u00e9stica de Monteiro"},"content":{"rendered":"<p>A<\/p>\n<p>Secretaria Municipal de Desenvolvimento Social de Monteiro, atrav\u00e9s do Centro de Refer\u00eancia Especializado em Assist\u00eancia Social (CREAS), realizar\u00e1 nesta quinta-feira dia 12, das 7 \u00e0s 12 horas, o I Semin\u00e1rio Municipal de Enfrentamento \u00c0 Viol\u00eancia Dom\u00e9stica de Monteiro.<\/p>\n<p>O evento acontecer\u00e1 no Audit\u00f3rio da Universidade Estadual da Para\u00edba \u2013 Campus VI. As inscri\u00e7\u00f5es est\u00e3o sendo feitas atrav\u00e9s do telefone 83 9 9647-3198 (Rubiana). Para as pessoas que participarem do semin\u00e1rio, ser\u00e1 entregue um certificado disponibilizado no encerramento do mesmo.<\/p>\n<p>A abertura do I Semin\u00e1rio Municipal de Enfrentamento \u00c0 Viol\u00eancia Dom\u00e9stica ser\u00e1 feita pela prefeita de Monteiro, Anna Lorena, abordando o tema: \u201cO papel da mulher frente \u00e0s pol\u00edticas p\u00fablicas\u201d. Logo em seguida haver\u00e1 uma mesa de debates \u201cA mulher na sociedade e nas pol\u00edticas p\u00fablicas\u201d com as presen\u00e7as de Taiza Gomes que \u00e9 educadora social e t\u00e9cnica da de refer\u00eancia da Prote\u00e7\u00e3o SocialEspecial da SEDH da Para\u00edba e Carla Mailde que \u00e9 Mestra em direitos humanos, cidadania e pol\u00edticas p\u00fablicas e militante do Coletivo Viva Mulher, al\u00e9m da mediadora Dr\u00aaMauriene Freitas, professora da UEPB.<\/p>\n<p>A segunda Mesa de Debates acontecer\u00e1 com a Dr\u00aa Laura Priscila Delegada da Pol\u00edcia Civil da Delegacia de Pol\u00edcia da Mulher de Monteiro e Mar\u00edcia Couto que \u00e9 especialista em Criminologia e Psicologia Criminal. O mediador da mesa ser\u00e1 o advogado do Centro de Refer\u00eancia em Assist\u00eancia Social de Monteiro, In\u00e1cio Maracaj\u00e1. O tema do debate ser\u00e1 a Lei Maria da Penha e seus desafios.<\/p>\n<p>\u201cPrecisamos orientar a popula\u00e7\u00e3o para todos os assuntos que envolvem os direitos na sociedade. Este \u00e9 um tema muito importante e atual, convido a todos para comparecer\u201d, convida Rosa Aleixo, Secret\u00e1ria de Desenvolvimento Social.<\/p>\n<p><strong>Ascom\/Monteiro\u00a0<\/strong><\/p>\n<p>Cariri em A\u00e7\u00e3o<\/p>\n<p>Leia mais not\u00edcias em\u00a0<a href=\"http:\/\/www.caririemacao.com\/\">caririemacao.com<\/a>, siga nossa p\u00e1gina no\u00a0<a href=\"https:\/\/www.facebook.com\/CaririEmAcao\/?ref=aymt_homepage_panel\">Facebook<\/a>,\u00a0<a href=\"https:\/\/www.instagram.com\/cariri_em_acao\/?hl=pt-br\">Instagram<\/a>\u00a0e\u00a0<a href=\"https:\/\/www.youtube.com\/channel\/UCAptA0jQuYQy8vMhLt2m4qg\">Youtube<\/a>\u00a0e veja nossas mat\u00e9rias, v\u00eddeos e fotos. Voc\u00ea tamb\u00e9m pode enviar informa\u00e7\u00f5es \u00e0 Reda\u00e7\u00e3o do Portal Cariri em A\u00e7\u00e3o pelo WhatsApp (83) 9 9634.5791, (83) 9 9601-1162.<\/p>\n","protected":false},"excerpt":{"rendered":"<p>A Secretaria Municipal de Desenvolvimento Social de Monteiro, atrav\u00e9s do Centro de Refer\u00eancia Especializado em Assist\u00eancia Social (CREAS), realizar\u00e1 nesta quinta-feira dia 12, das 7&hellip; <\/p>\n","protected":false},"author":1,"featured_media":64760,"comment_status":"closed","ping_status":"closed","sticky":false,"template":"","format":"standard","meta":{"sfsi_plus_gutenberg_text_before_share":"","sfsi_plus_gutenberg_show_text_before_share":"","sfsi_plus_gutenberg_icon_type":"","sfsi_plus_gutenberg_icon_alignemt":"","sfsi_plus_gutenburg_max_per_row":"","footnotes":""},"categories":[2],"tags":[],"class_list":["post-64759","post","type-post","status-publish","format-standard","has-post-thumbnail","hentry","category-geral"],"_links":{"self":[{"href":"https:\/\/www.caririemacao.com\/1\/wp-json\/wp\/v2\/posts\/64759","targetHints":{"allow":["GET"]}}],"collection":[{"href":"https:\/\/www.caririemacao.com\/1\/wp-json\/wp\/v2\/posts"}],"about":[{"href":"https:\/\/www.caririemacao.com\/1\/wp-json\/wp\/v2\/types\/post"}],"author":[{"embeddable":true,"href":"https:\/\/www.caririemacao.com\/1\/wp-json\/wp\/v2\/users\/1"}],"replies":[{"embeddable":true,"href":"https:\/\/www.caririemacao.com\/1\/wp-json\/wp\/v2\/comments?post=64759"}],"version-history":[{"count":1,"href":"https:\/\/www.caririemacao.com\/1\/wp-json\/wp\/v2\/posts\/64759\/revisions"}],"predecessor-version":[{"id":64761,"href":"https:\/\/www.caririemacao.com\/1\/wp-json\/wp\/v2\/posts\/64759\/revisions\/64761"}],"wp:featuredmedia":[{"embeddable":true,"href":"https:\/\/www.caririemacao.com\/1\/wp-json\/wp\/v2\/media\/64760"}],"wp:attachment":[{"href":"https:\/\/www.caririemacao.com\/1\/wp-json\/wp\/v2\/media?parent=64759"}],"wp:term":[{"taxonomy":"category","embeddable":true,"href":"https:\/\/www.caririemacao.com\/1\/wp-json\/wp\/v2\/categories?post=64759"},{"taxonomy":"post_tag","embeddable":true,"href":"https:\/\/www.caririemacao.com\/1\/wp-json\/wp\/v2\/tags?post=64759"}],"curies":[{"name":"wp","href":"https:\/\/api.w.org\/{rel}","templated":true}]}}