{"id":64763,"date":"2018-09-11T21:27:20","date_gmt":"2018-09-12T00:27:20","guid":{"rendered":"http:\/\/www.caririemacao.com\/1\/?p=64763"},"modified":"2018-09-11T21:27:20","modified_gmt":"2018-09-12T00:27:20","slug":"secretaria-de-saude-de-monteiro-lanca-programacao-alusiva-ao-setembro-amarelo","status":"publish","type":"post","link":"https:\/\/www.caririemacao.com\/1\/2018\/09\/11\/secretaria-de-saude-de-monteiro-lanca-programacao-alusiva-ao-setembro-amarelo\/","title":{"rendered":"Secretaria de Sa\u00fade de Monteiro lan\u00e7a programa\u00e7\u00e3o alusiva ao Setembro Amarelo"},"content":{"rendered":"<p>Falar sobre suic\u00eddio \u00e9 um tema complexo e de certa forma ainda considerado tabu. No entanto, n\u00e3o podemos fechar os olhos para o aumento significativo de casos de suic\u00eddio em todo mundo, em particular em nossa realidade brasileira. Para tanto, a Secretaria de Sa\u00fade do Munic\u00edpio de Monteiro deu in\u00edcio \u00e0 Campanha do Setembro Amarelo.<\/p>\n<p>Nas salas de espera nas unidades de sa\u00fade da cidade est\u00e3o sendo feitas palestras com orienta\u00e7\u00f5es ao p\u00fablico sobre a campanha. Nesta segunda-feira, 10, a conversa aconteceu no PSF 08, nesta ter\u00e7a-feira, 11, acontecer\u00e1 \u00e0s 14h no PSF 13. J\u00e1 na quarta, o PSF 04 ser\u00e1 atendido com a palestra \u00e0s 08:30, na quinta ser\u00e1 a vez do PSF 07 \u00e0s 09:30.<\/p>\n<p>Na sexta-feira, \u00e0s 08:30 o PSF 09 d\u00e1 a sequ\u00eancia das reuni\u00f5es que se seguem pelas pr\u00f3ximas semanas, no PSF 11 na ter\u00e7a \u00e0s 08:30 e no PSF 02 \u00e0s 14h, PSF 03 na segunda dia 24 \u00e0s 14h e sendo finalizada com o PSF 13 no dia 25 \u00e0s 14h.<\/p>\n<p>A programa\u00e7\u00e3o do Setembro Amarelo ainda acontece com uma mesa redonda com os alunos boa da Escola Jos\u00e9 Leite de Souza no dia 24, encerrando no dia 26 com a grande Caminhada de Valoriza\u00e7\u00e3o \u00e0 Vida.<\/p>\n<p>\u201cPrecisamos conversar com os jovens e com toda a comunidade para alertar mesmo sobre os ind\u00edcios de depress\u00e3o e temas relacionados ao suic\u00eddio. Temos que resguardar os Monteirenses e ajuda-los. Valorizar a vida \u00e9 sempre a sa\u00edda\u201d, conta a Secret\u00e1ria de Sa\u00fade Paula Oliveira.<\/p>\n<p><strong>Ascom\/Monteiro\u00a0<\/strong><\/p>\n<p>Cariri em A\u00e7\u00e3o<\/p>\n<p>Leia mais not\u00edcias em\u00a0<a href=\"http:\/\/www.caririemacao.com\/\">caririemacao.com<\/a>, siga nossa p\u00e1gina no\u00a0<a href=\"https:\/\/www.facebook.com\/CaririEmAcao\/?ref=aymt_homepage_panel\">Facebook<\/a>,\u00a0<a href=\"https:\/\/www.instagram.com\/cariri_em_acao\/?hl=pt-br\">Instagram<\/a>\u00a0e\u00a0<a href=\"https:\/\/www.youtube.com\/channel\/UCAptA0jQuYQy8vMhLt2m4qg\">Youtube<\/a>\u00a0e veja nossas mat\u00e9rias, v\u00eddeos e fotos. Voc\u00ea tamb\u00e9m pode enviar informa\u00e7\u00f5es \u00e0 Reda\u00e7\u00e3o do Portal Cariri em A\u00e7\u00e3o pelo WhatsApp (83) 9 9634.5791, (83) 9 9601-1162.<\/p>\n","protected":false},"excerpt":{"rendered":"<p>Falar sobre suic\u00eddio \u00e9 um tema complexo e de certa forma ainda considerado tabu. No entanto, n\u00e3o podemos fechar os olhos para o aumento significativo&hellip; <\/p>\n","protected":false},"author":1,"featured_media":64764,"comment_status":"closed","ping_status":"closed","sticky":false,"template":"","format":"standard","meta":{"sfsi_plus_gutenberg_text_before_share":"","sfsi_plus_gutenberg_show_text_before_share":"","sfsi_plus_gutenberg_icon_type":"","sfsi_plus_gutenberg_icon_alignemt":"","sfsi_plus_gutenburg_max_per_row":"","footnotes":""},"categories":[16],"tags":[],"class_list":["post-64763","post","type-post","status-publish","format-standard","has-post-thumbnail","hentry","category-saude"],"_links":{"self":[{"href":"https:\/\/www.caririemacao.com\/1\/wp-json\/wp\/v2\/posts\/64763","targetHints":{"allow":["GET"]}}],"collection":[{"href":"https:\/\/www.caririemacao.com\/1\/wp-json\/wp\/v2\/posts"}],"about":[{"href":"https:\/\/www.caririemacao.com\/1\/wp-json\/wp\/v2\/types\/post"}],"author":[{"embeddable":true,"href":"https:\/\/www.caririemacao.com\/1\/wp-json\/wp\/v2\/users\/1"}],"replies":[{"embeddable":true,"href":"https:\/\/www.caririemacao.com\/1\/wp-json\/wp\/v2\/comments?post=64763"}],"version-history":[{"count":1,"href":"https:\/\/www.caririemacao.com\/1\/wp-json\/wp\/v2\/posts\/64763\/revisions"}],"predecessor-version":[{"id":64765,"href":"https:\/\/www.caririemacao.com\/1\/wp-json\/wp\/v2\/posts\/64763\/revisions\/64765"}],"wp:featuredmedia":[{"embeddable":true,"href":"https:\/\/www.caririemacao.com\/1\/wp-json\/wp\/v2\/media\/64764"}],"wp:attachment":[{"href":"https:\/\/www.caririemacao.com\/1\/wp-json\/wp\/v2\/media?parent=64763"}],"wp:term":[{"taxonomy":"category","embeddable":true,"href":"https:\/\/www.caririemacao.com\/1\/wp-json\/wp\/v2\/categories?post=64763"},{"taxonomy":"post_tag","embeddable":true,"href":"https:\/\/www.caririemacao.com\/1\/wp-json\/wp\/v2\/tags?post=64763"}],"curies":[{"name":"wp","href":"https:\/\/api.w.org\/{rel}","templated":true}]}}