{"id":64774,"date":"2018-09-11T22:11:57","date_gmt":"2018-09-12T01:11:57","guid":{"rendered":"http:\/\/www.caririemacao.com\/1\/?p=64774"},"modified":"2018-09-11T22:11:57","modified_gmt":"2018-09-12T01:11:57","slug":"iniciada-campanha-setembro-amarelo-no-cdsa-da-ufcg-em-sume-no-cariri","status":"publish","type":"post","link":"https:\/\/www.caririemacao.com\/1\/2018\/09\/11\/iniciada-campanha-setembro-amarelo-no-cdsa-da-ufcg-em-sume-no-cariri\/","title":{"rendered":"Iniciada campanha Setembro Amarelo no CDSA da UFCG em Sum\u00e9, no Cariri"},"content":{"rendered":"<div class=\"content-header-options-1 row-fluid\">\n<div class=\"btns-social-like span5\">\n<div class=\"pull-left googleplus\">\n<div id=\"___plusone_0\">Foi iniciada nesta segunda-feira (10), no Centro de Desenvolvimento Sustent\u00e1vel do Semi\u00e1rido da UFCG, a campanha \u201c<a href=\"http:\/\/www.cdsa.ufcg.edu.br\/cdsa\/eventos.html\" target=\"_blank\" rel=\"noopener noreferrer\">Setembro Amarelo do CDSA<\/a>\u201d com a distribui\u00e7\u00e3o de fitinhas amarelas junto \u00e0 comunidade acad\u00eamica e a apresenta\u00e7\u00e3o da \u00e1rvore da vida com mensagens de incentivo e promo\u00e7\u00e3o \u00e0 vida dentro de bal\u00f5es amarelos.<\/div>\n<\/div>\n<\/div>\n<\/div>\n<p>Durante o m\u00eas de setembro v\u00e1rias a\u00e7\u00f5es em prol da vida ser\u00e3o realizadas no Campus Sum\u00e9, iniciando com uma roda de conversa sobre o tema em quest\u00e3o para os alunos (em dois hor\u00e1rios: 14h e 18h30), no audit\u00f3rio do Centro, na quinta-feira (13).<\/p>\n<p>A campanha \u00e9 uma realiza\u00e7\u00e3o da Ger\u00eancia de Assuntos Estudantis\/CDSA por meio do Setor de Psicologia.<\/p>\n<p>Veja a programa\u00e7\u00e3o:<\/p>\n<p><em>13\/09 (quinta-feira)<\/em><\/p>\n<p><strong>Rodas de conversa: d\u00favidas e debate sobre o tema<\/strong><\/p>\n<p>Hor\u00e1rio: 14h e 18h30 (ser\u00e3o promovidas em dois hor\u00e1rios);<\/p>\n<p>Local: Audit\u00f3rio;<\/p>\n<p>P\u00fablico-alvo: Alunos.<\/p>\n<p>&nbsp;<\/p>\n<p><strong><em>19\/09 (quarta-feira)<\/em><\/strong><\/p>\n<p><strong>Cine Debate: exibi\u00e7\u00e3o do filme \u201cUm grito de socorro\u201d seguido de debates<\/strong><\/p>\n<p>Hor\u00e1rio: 16h;<\/p>\n<p>Local: Audit\u00f3rio;<\/p>\n<p>P\u00fablico-alvo: Toda comunidade acad\u00eamica.<\/p>\n<p>&nbsp;<\/p>\n<p><em>26\/09 (quarta-feira)<\/em><\/p>\n<p><strong>Roda de conversa: d\u00favidas e debate sobre o tema<\/strong><\/p>\n<p>Hor\u00e1rio: 16h;<\/p>\n<p>Local: audit\u00f3rio;<\/p>\n<p>P\u00fablico-alvo: Servidores e Terceirizados.<\/p>\n<p>Cariri em A\u00e7\u00e3o<\/p>\n<p>Leia mais not\u00edcias em\u00a0<a href=\"http:\/\/www.caririemacao.com\/\">caririemacao.com<\/a>, siga nossa p\u00e1gina no\u00a0<a href=\"https:\/\/www.facebook.com\/CaririEmAcao\/?ref=aymt_homepage_panel\">Facebook<\/a>,\u00a0<a href=\"https:\/\/www.instagram.com\/cariri_em_acao\/?hl=pt-br\">Instagram<\/a>\u00a0e\u00a0<a href=\"https:\/\/www.youtube.com\/channel\/UCAptA0jQuYQy8vMhLt2m4qg\">Youtube<\/a>\u00a0e veja nossas mat\u00e9rias, v\u00eddeos e fotos. Voc\u00ea tamb\u00e9m pode enviar informa\u00e7\u00f5es \u00e0 Reda\u00e7\u00e3o do Portal Cariri em A\u00e7\u00e3o pelo WhatsApp (83) 9 9634.5791, (83) 9 9601-1162.<\/p>\n","protected":false},"excerpt":{"rendered":"<p>Foi iniciada nesta segunda-feira (10), no Centro de Desenvolvimento Sustent\u00e1vel do Semi\u00e1rido da UFCG, a campanha \u201cSetembro Amarelo do CDSA\u201d com a distribui\u00e7\u00e3o de fitinhas&hellip; <\/p>\n","protected":false},"author":1,"featured_media":64775,"comment_status":"closed","ping_status":"closed","sticky":false,"template":"","format":"standard","meta":{"sfsi_plus_gutenberg_text_before_share":"","sfsi_plus_gutenberg_show_text_before_share":"","sfsi_plus_gutenberg_icon_type":"","sfsi_plus_gutenberg_icon_alignemt":"","sfsi_plus_gutenburg_max_per_row":"","footnotes":""},"categories":[2],"tags":[],"class_list":["post-64774","post","type-post","status-publish","format-standard","has-post-thumbnail","hentry","category-geral"],"_links":{"self":[{"href":"https:\/\/www.caririemacao.com\/1\/wp-json\/wp\/v2\/posts\/64774","targetHints":{"allow":["GET"]}}],"collection":[{"href":"https:\/\/www.caririemacao.com\/1\/wp-json\/wp\/v2\/posts"}],"about":[{"href":"https:\/\/www.caririemacao.com\/1\/wp-json\/wp\/v2\/types\/post"}],"author":[{"embeddable":true,"href":"https:\/\/www.caririemacao.com\/1\/wp-json\/wp\/v2\/users\/1"}],"replies":[{"embeddable":true,"href":"https:\/\/www.caririemacao.com\/1\/wp-json\/wp\/v2\/comments?post=64774"}],"version-history":[{"count":1,"href":"https:\/\/www.caririemacao.com\/1\/wp-json\/wp\/v2\/posts\/64774\/revisions"}],"predecessor-version":[{"id":64776,"href":"https:\/\/www.caririemacao.com\/1\/wp-json\/wp\/v2\/posts\/64774\/revisions\/64776"}],"wp:featuredmedia":[{"embeddable":true,"href":"https:\/\/www.caririemacao.com\/1\/wp-json\/wp\/v2\/media\/64775"}],"wp:attachment":[{"href":"https:\/\/www.caririemacao.com\/1\/wp-json\/wp\/v2\/media?parent=64774"}],"wp:term":[{"taxonomy":"category","embeddable":true,"href":"https:\/\/www.caririemacao.com\/1\/wp-json\/wp\/v2\/categories?post=64774"},{"taxonomy":"post_tag","embeddable":true,"href":"https:\/\/www.caririemacao.com\/1\/wp-json\/wp\/v2\/tags?post=64774"}],"curies":[{"name":"wp","href":"https:\/\/api.w.org\/{rel}","templated":true}]}}