{"id":64780,"date":"2018-09-12T07:22:22","date_gmt":"2018-09-12T10:22:22","guid":{"rendered":"http:\/\/www.caririemacao.com\/1\/?p=64780"},"modified":"2018-09-12T07:22:22","modified_gmt":"2018-09-12T10:22:22","slug":"candidatos-ao-governo-do-estado-realizam-panfletagens-reunioes-e-entrevistas-nesta-quarta-feira","status":"publish","type":"post","link":"https:\/\/www.caririemacao.com\/1\/2018\/09\/12\/candidatos-ao-governo-do-estado-realizam-panfletagens-reunioes-e-entrevistas-nesta-quarta-feira\/","title":{"rendered":"Candidatos ao Governo do Estado realizam panfletagens, reuni\u00f5es e entrevistas nesta quarta-feira"},"content":{"rendered":"<p>Os candidatos ao Governo da Para\u00edba continuam a campanha eleitoral nesta quarta-feira (12), pela capital e demais munic\u00edpios do interior do Estado.<\/p>\n<p>Eles realizam entre outros trabalhos, panfletagens, reuni\u00f5es e entrevistas. Confira:<\/p>\n<p>Jo\u00e3o Azev\u00eado<br \/>\n09h &#8211; Reuni\u00e3o com setores da Seguran\u00e7a P\u00fablica na Associa\u00e7\u00e3o de Defesa das prerrogativas dos Delegados de Pol\u00edcia da Para\u00edba<\/p>\n<p>13h &#8211; Entrevista na R\u00e1dio Arapuan FM<\/p>\n<p>14h &#8211; Entrevista na TV Arapuan<\/p>\n<p>14h30 &#8211; Entrevista no Portal Mais PB<\/p>\n<p>15h &#8211; Grava para o guia eleitoral<\/p>\n<p>18h &#8211; Com\u00edcio na cidade de Alagoa Grande<\/p>\n<p>20h &#8211; Com\u00edcio na cidade de Areia<\/p>\n<p>Jos\u00e9 Maranh\u00e3o<\/p>\n<p>Manh\u00e3<br \/>\n09h30 &#8211; Sabatina na UEPB, em Campina Grande<\/p>\n<p>Tarde:<br \/>\n16h: Caminhada no Bairro do Catol\u00e9, em Campina Grande<\/p>\n<p>Noite:<br \/>\n19h30 &#8211; Reuni\u00e3o com lideran\u00e7as de Campina Grande e compartimento da Borborema<\/p>\n<p>Luc\u00e9lio Cartaxo<\/p>\n<p>7h &#8211; Entrevista r\u00e1dio Jovem Pan<\/p>\n<p>9h &#8211; Reuni\u00e3o com equipe de campanha<\/p>\n<p>11h45 &#8211; Entrevista TV Cabo Branco<\/p>\n<p>15h &#8211; Recebe lideran\u00e7as<\/p>\n<p>17h &#8211; Carreata em Cabedelo<\/p>\n<p>Rama Dantas<\/p>\n<p>A candidata n\u00e3o divulgou a agenda<\/p>\n<p>T\u00e1rcio Teixeira<\/p>\n<p>6:40 -Panfletagem na Estadual da Prata em Campina Grande<\/p>\n<p>8h- Panfletagem na UFCG<\/p>\n<p>12:40 \u00e0s 13:20- R\u00e1dio Panor\u00e2mica-Entrevista<br \/>\nCampina Grande<\/p>\n<p>14h- Entrevista por telefone para R\u00e1dio Alto Piranhas no Programa R\u00e1dio Vivo<\/p>\n<p>17h \/ 21h \u2013 *#OcupeAPra\u00e7a* (Pra\u00e7a da Paz. Local: Banc\u00e1rios\/JP)<\/p>\n<p><strong>ClinkPB<\/strong><\/p>\n<p>Cariri em A\u00e7\u00e3o<\/p>\n<p>Leia mais not\u00edcias em\u00a0<a href=\"http:\/\/www.caririemacao.com\/\">caririemacao.com<\/a>, siga nossa p\u00e1gina no\u00a0<a href=\"https:\/\/www.facebook.com\/CaririEmAcao\/?ref=aymt_homepage_panel\">Facebook<\/a>,\u00a0<a href=\"https:\/\/www.instagram.com\/cariri_em_acao\/?hl=pt-br\">Instagram<\/a>\u00a0e\u00a0<a href=\"https:\/\/www.youtube.com\/channel\/UCAptA0jQuYQy8vMhLt2m4qg\">Youtube<\/a>\u00a0e veja nossas mat\u00e9rias, v\u00eddeos e fotos. Voc\u00ea tamb\u00e9m pode enviar informa\u00e7\u00f5es \u00e0 Reda\u00e7\u00e3o do Portal Cariri em A\u00e7\u00e3o pelo WhatsApp (83) 9 9634.5791, (83) 9 9601-1162.<\/p>\n","protected":false},"excerpt":{"rendered":"<p>Os candidatos ao Governo da Para\u00edba continuam a campanha eleitoral nesta quarta-feira (12), pela capital e demais munic\u00edpios do interior do Estado. Eles realizam entre&hellip; <\/p>\n","protected":false},"author":1,"featured_media":64781,"comment_status":"closed","ping_status":"closed","sticky":false,"template":"","format":"standard","meta":{"sfsi_plus_gutenberg_text_before_share":"","sfsi_plus_gutenberg_show_text_before_share":"","sfsi_plus_gutenberg_icon_type":"","sfsi_plus_gutenberg_icon_alignemt":"","sfsi_plus_gutenburg_max_per_row":"","footnotes":""},"categories":[1],"tags":[],"class_list":["post-64780","post","type-post","status-publish","format-standard","has-post-thumbnail","hentry","category-o-site"],"_links":{"self":[{"href":"https:\/\/www.caririemacao.com\/1\/wp-json\/wp\/v2\/posts\/64780","targetHints":{"allow":["GET"]}}],"collection":[{"href":"https:\/\/www.caririemacao.com\/1\/wp-json\/wp\/v2\/posts"}],"about":[{"href":"https:\/\/www.caririemacao.com\/1\/wp-json\/wp\/v2\/types\/post"}],"author":[{"embeddable":true,"href":"https:\/\/www.caririemacao.com\/1\/wp-json\/wp\/v2\/users\/1"}],"replies":[{"embeddable":true,"href":"https:\/\/www.caririemacao.com\/1\/wp-json\/wp\/v2\/comments?post=64780"}],"version-history":[{"count":1,"href":"https:\/\/www.caririemacao.com\/1\/wp-json\/wp\/v2\/posts\/64780\/revisions"}],"predecessor-version":[{"id":64782,"href":"https:\/\/www.caririemacao.com\/1\/wp-json\/wp\/v2\/posts\/64780\/revisions\/64782"}],"wp:featuredmedia":[{"embeddable":true,"href":"https:\/\/www.caririemacao.com\/1\/wp-json\/wp\/v2\/media\/64781"}],"wp:attachment":[{"href":"https:\/\/www.caririemacao.com\/1\/wp-json\/wp\/v2\/media?parent=64780"}],"wp:term":[{"taxonomy":"category","embeddable":true,"href":"https:\/\/www.caririemacao.com\/1\/wp-json\/wp\/v2\/categories?post=64780"},{"taxonomy":"post_tag","embeddable":true,"href":"https:\/\/www.caririemacao.com\/1\/wp-json\/wp\/v2\/tags?post=64780"}],"curies":[{"name":"wp","href":"https:\/\/api.w.org\/{rel}","templated":true}]}}