{"id":64783,"date":"2018-09-12T07:38:51","date_gmt":"2018-09-12T10:38:51","guid":{"rendered":"http:\/\/www.caririemacao.com\/1\/?p=64783"},"modified":"2018-09-12T07:38:51","modified_gmt":"2018-09-12T10:38:51","slug":"previsao-do-tempo-para-esta-quarta-feira-em-toda-paraiba-5","status":"publish","type":"post","link":"https:\/\/www.caririemacao.com\/1\/2018\/09\/12\/previsao-do-tempo-para-esta-quarta-feira-em-toda-paraiba-5\/","title":{"rendered":"Previs\u00e3o do tempo para esta quarta-feira em toda Para\u00edba"},"content":{"rendered":"<p>Permanecem as condi\u00e7\u00f5es de nebulosidade vari\u00e1vel sobre o estado da Para\u00edba com o sol predominando entre algumas nuvens. Poder\u00e3o ser registradas chuvas fracas e passageiras, apenas em \u00e1reas da faixa leste do Estado.<\/p>\n<p><img decoding=\"async\" class=\"aligncenter size-full wp-image-499860 lazyloaded\" src=\"https:\/\/paraibaonline.com.br\/wp-content\/uploads\/2018\/09\/tempo1209.jpg\" sizes=\"(max-width: 800px) 100vw, 800px\" srcset=\"https:\/\/paraibaonline.com.br\/wp-content\/uploads\/2018\/09\/tempo1209.jpg 800w, https:\/\/paraibaonline.com.br\/wp-content\/uploads\/2018\/09\/tempo1209-567x354.jpg 567w\" alt=\"\" data-lazy-src=\"https:\/\/paraibaonline.com.br\/wp-content\/uploads\/2018\/09\/tempo1209.jpg\" data-lazy-srcset=\"https:\/\/paraibaonline.com.br\/wp-content\/uploads\/2018\/09\/tempo1209.jpg 800w, https:\/\/paraibaonline.com.br\/wp-content\/uploads\/2018\/09\/tempo1209-567x354.jpg 567w\" data-lazy-sizes=\"(max-width: 800px) 100vw, 800px\" data-was-processed=\"true\" \/><\/p>\n<p><strong>Aesa\/PB<\/strong><\/p>\n<p>Cariri em A\u00e7\u00e3o<\/p>\n<p>Leia mais not\u00edcias em\u00a0<a href=\"http:\/\/www.caririemacao.com\/\">caririemacao.com<\/a>, siga nossa p\u00e1gina no\u00a0<a href=\"https:\/\/www.facebook.com\/CaririEmAcao\/?ref=aymt_homepage_panel\">Facebook<\/a>,\u00a0<a href=\"https:\/\/www.instagram.com\/cariri_em_acao\/?hl=pt-br\">Instagram<\/a>\u00a0e\u00a0<a href=\"https:\/\/www.youtube.com\/channel\/UCAptA0jQuYQy8vMhLt2m4qg\">Youtube<\/a>\u00a0e veja nossas mat\u00e9rias, v\u00eddeos e fotos. Voc\u00ea tamb\u00e9m pode enviar informa\u00e7\u00f5es \u00e0 Reda\u00e7\u00e3o do Portal Cariri em A\u00e7\u00e3o pelo WhatsApp (83) 9 9634.5791, (83) 9 9601-1162.<\/p>\n","protected":false},"excerpt":{"rendered":"<p>Permanecem as condi\u00e7\u00f5es de nebulosidade vari\u00e1vel sobre o estado da Para\u00edba com o sol predominando entre algumas nuvens. Poder\u00e3o ser registradas chuvas fracas e passageiras,&hellip; <\/p>\n","protected":false},"author":1,"featured_media":6257,"comment_status":"closed","ping_status":"closed","sticky":false,"template":"","format":"standard","meta":{"sfsi_plus_gutenberg_text_before_share":"","sfsi_plus_gutenberg_show_text_before_share":"","sfsi_plus_gutenberg_icon_type":"","sfsi_plus_gutenberg_icon_alignemt":"","sfsi_plus_gutenburg_max_per_row":"","footnotes":""},"categories":[6],"tags":[],"class_list":["post-64783","post","type-post","status-publish","format-standard","has-post-thumbnail","hentry","category-cidades"],"_links":{"self":[{"href":"https:\/\/www.caririemacao.com\/1\/wp-json\/wp\/v2\/posts\/64783","targetHints":{"allow":["GET"]}}],"collection":[{"href":"https:\/\/www.caririemacao.com\/1\/wp-json\/wp\/v2\/posts"}],"about":[{"href":"https:\/\/www.caririemacao.com\/1\/wp-json\/wp\/v2\/types\/post"}],"author":[{"embeddable":true,"href":"https:\/\/www.caririemacao.com\/1\/wp-json\/wp\/v2\/users\/1"}],"replies":[{"embeddable":true,"href":"https:\/\/www.caririemacao.com\/1\/wp-json\/wp\/v2\/comments?post=64783"}],"version-history":[{"count":1,"href":"https:\/\/www.caririemacao.com\/1\/wp-json\/wp\/v2\/posts\/64783\/revisions"}],"predecessor-version":[{"id":64784,"href":"https:\/\/www.caririemacao.com\/1\/wp-json\/wp\/v2\/posts\/64783\/revisions\/64784"}],"wp:featuredmedia":[{"embeddable":true,"href":"https:\/\/www.caririemacao.com\/1\/wp-json\/wp\/v2\/media\/6257"}],"wp:attachment":[{"href":"https:\/\/www.caririemacao.com\/1\/wp-json\/wp\/v2\/media?parent=64783"}],"wp:term":[{"taxonomy":"category","embeddable":true,"href":"https:\/\/www.caririemacao.com\/1\/wp-json\/wp\/v2\/categories?post=64783"},{"taxonomy":"post_tag","embeddable":true,"href":"https:\/\/www.caririemacao.com\/1\/wp-json\/wp\/v2\/tags?post=64783"}],"curies":[{"name":"wp","href":"https:\/\/api.w.org\/{rel}","templated":true}]}}