{"id":64787,"date":"2018-09-12T08:24:19","date_gmt":"2018-09-12T11:24:19","guid":{"rendered":"http:\/\/www.caririemacao.com\/1\/?p=64787"},"modified":"2018-09-12T08:24:19","modified_gmt":"2018-09-12T11:24:19","slug":"juiza-torna-reus-e-afasta-dirigentes-de-botafogo-pb-e-campinense-dos-cargos","status":"publish","type":"post","link":"https:\/\/www.caririemacao.com\/1\/2018\/09\/12\/juiza-torna-reus-e-afasta-dirigentes-de-botafogo-pb-e-campinense-dos-cargos\/","title":{"rendered":"Ju\u00edza torna r\u00e9us e afasta dirigentes de Botafogo-PB e Campinense dos cargos"},"content":{"rendered":"<p>A 4\u00aa Vara Criminal de Jo\u00e3o Pessoa acatou a den\u00fancia oferecida pelo Minist\u00e9rio P\u00fablico da Para\u00edba (MPPB) e tornou r\u00e9us os dirigentes de Botafogo-PB e Campinense envolvidos nas investiga\u00e7\u00f5es da Opera\u00e7\u00e3o Cartola, deflagrada no dia 9 de abril. A acusa\u00e7\u00e3o \u00e9 de uma suposta Organiza\u00e7\u00e3o Criminosa que manipulava resultados no futebol do estado.<\/p>\n<p>A decis\u00e3o foi assinada nesta ter\u00e7a-feira (11) pela ju\u00edza Andr\u00e9a Galdino.<\/p>\n<div id=\"attachment_499737\" class=\"wp-caption alignnone\"><img decoding=\"async\" class=\"wp-image-499737 size-full lazyloaded\" src=\"https:\/\/paraibaonline.com.br\/wp-content\/uploads\/2018\/09\/Zezinho_William.jpg\" sizes=\"(max-width: 800px) 100vw, 800px\" srcset=\"https:\/\/paraibaonline.com.br\/wp-content\/uploads\/2018\/09\/Zezinho_William.jpg 800w, https:\/\/paraibaonline.com.br\/wp-content\/uploads\/2018\/09\/Zezinho_William-555x417.jpg 555w\" alt=\"\" data-lazy-src=\"https:\/\/paraibaonline.com.br\/wp-content\/uploads\/2018\/09\/Zezinho_William.jpg\" data-lazy-srcset=\"https:\/\/paraibaonline.com.br\/wp-content\/uploads\/2018\/09\/Zezinho_William.jpg 800w, https:\/\/paraibaonline.com.br\/wp-content\/uploads\/2018\/09\/Zezinho_William-555x417.jpg 555w\" data-lazy-sizes=\"(max-width: 800px) 100vw, 800px\" data-was-processed=\"true\" \/><\/p>\n<p class=\"wp-caption-text\">Foto: Montagem \/ Paraibaonline<\/p>\n<\/div>\n<p>Al\u00e9m de tornar r\u00e9us os dirigentes, a magistrada afastou dos respectivos cargos os presidentes de Belo e Raposa, Zezinho do Botafogo e William Sim\u00f5es, e toda a c\u00fapula do clube da Maravilha do Contorno:\u00a0Breno Morais, Guilherme Novinho, Francisco Sales e Alexandre Cavalcanti.<\/p>\n<p>O ex-presidente da Comiss\u00e3o Estadual de Arbitragem de Futebol da Para\u00edba (Ceaf-PB), Jos\u00e9 Renato, e o \u00e1rbitro auxiliar do quadro da Federa\u00e7\u00e3o Paraibana de Futebol (FPF), Tarcisio Jos\u00e9, tamb\u00e9m viraram r\u00e9us na a\u00e7\u00e3o por integrarem o esquema.<\/p>\n<p>\u2013 H\u00e1 fortes ind\u00edcios da pr\u00e1tica dos fatos narrados da den\u00fancia, com a participa\u00e7\u00e3o direta dos denunciados, dirigentes e funcion\u00e1rios da agremia\u00e7\u00e3o, cuja manuten\u00e7\u00e3o destes na fun\u00e7\u00e3o que ora exercem representam manifesto risco, n\u00e3o s\u00f3 ao clube, mas ao futebol da Para\u00edba \u2013 relata a ju\u00edza Andr\u00e9a Galdino, em trecho da decis\u00e3o.<\/p>\n<p>Ainda conforme a titular da 4\u00aa Vara Criminal de Jo\u00e3o Pessoa,\u00a0os r\u00e9us v\u00e3o precisar cumprir algumas medidas cautelares, como comparecer ao cart\u00f3rio judicial da vara uma vez por m\u00eas, n\u00e3o poder\u00e3o sair do estado sem autoriza\u00e7\u00e3o judicial e ter\u00e3o a obriga\u00e7\u00e3o de ficarem recolhidos em suas resid\u00eancias todos os dias das 21h \u00e0s 5h \u2013 salvo em casos de trabalharem comprovadamente neste per\u00edodo do dia.<\/p>\n<p>Todos tamb\u00e9m est\u00e3o proibidos de ter acesso a entidades e eventos desportivos, de entrarem em contato com testemunhas e investigados\u00a0nesse caso, al\u00e9m de terem que entregar \u00e0 Justi\u00e7a seus passaportes.<\/p>\n<p><strong>Para\u00edba Online\u00a0<\/strong><\/p>\n<p>Cariri em A\u00e7\u00e3o<\/p>\n<p>Leia mais not\u00edcias em\u00a0<a href=\"http:\/\/www.caririemacao.com\/\">caririemacao.com<\/a>, siga nossa p\u00e1gina no\u00a0<a href=\"https:\/\/www.facebook.com\/CaririEmAcao\/?ref=aymt_homepage_panel\">Facebook<\/a>,\u00a0<a href=\"https:\/\/www.instagram.com\/cariri_em_acao\/?hl=pt-br\">Instagram<\/a>\u00a0e\u00a0<a href=\"https:\/\/www.youtube.com\/channel\/UCAptA0jQuYQy8vMhLt2m4qg\">Youtube<\/a>\u00a0e veja nossas mat\u00e9rias, v\u00eddeos e fotos. Voc\u00ea tamb\u00e9m pode enviar informa\u00e7\u00f5es \u00e0 Reda\u00e7\u00e3o do Portal Cariri em A\u00e7\u00e3o pelo WhatsApp (83) 9 9634.5791, (83) 9 9601-1162.<\/p>\n","protected":false},"excerpt":{"rendered":"<p>A 4\u00aa Vara Criminal de Jo\u00e3o Pessoa acatou a den\u00fancia oferecida pelo Minist\u00e9rio P\u00fablico da Para\u00edba (MPPB) e tornou r\u00e9us os dirigentes de Botafogo-PB e&hellip; <\/p>\n","protected":false},"author":1,"featured_media":64788,"comment_status":"closed","ping_status":"closed","sticky":false,"template":"","format":"standard","meta":{"sfsi_plus_gutenberg_text_before_share":"","sfsi_plus_gutenberg_show_text_before_share":"","sfsi_plus_gutenberg_icon_type":"","sfsi_plus_gutenberg_icon_alignemt":"","sfsi_plus_gutenburg_max_per_row":"","footnotes":""},"categories":[13],"tags":[],"class_list":["post-64787","post","type-post","status-publish","format-standard","has-post-thumbnail","hentry","category-esportes"],"_links":{"self":[{"href":"https:\/\/www.caririemacao.com\/1\/wp-json\/wp\/v2\/posts\/64787","targetHints":{"allow":["GET"]}}],"collection":[{"href":"https:\/\/www.caririemacao.com\/1\/wp-json\/wp\/v2\/posts"}],"about":[{"href":"https:\/\/www.caririemacao.com\/1\/wp-json\/wp\/v2\/types\/post"}],"author":[{"embeddable":true,"href":"https:\/\/www.caririemacao.com\/1\/wp-json\/wp\/v2\/users\/1"}],"replies":[{"embeddable":true,"href":"https:\/\/www.caririemacao.com\/1\/wp-json\/wp\/v2\/comments?post=64787"}],"version-history":[{"count":1,"href":"https:\/\/www.caririemacao.com\/1\/wp-json\/wp\/v2\/posts\/64787\/revisions"}],"predecessor-version":[{"id":64789,"href":"https:\/\/www.caririemacao.com\/1\/wp-json\/wp\/v2\/posts\/64787\/revisions\/64789"}],"wp:featuredmedia":[{"embeddable":true,"href":"https:\/\/www.caririemacao.com\/1\/wp-json\/wp\/v2\/media\/64788"}],"wp:attachment":[{"href":"https:\/\/www.caririemacao.com\/1\/wp-json\/wp\/v2\/media?parent=64787"}],"wp:term":[{"taxonomy":"category","embeddable":true,"href":"https:\/\/www.caririemacao.com\/1\/wp-json\/wp\/v2\/categories?post=64787"},{"taxonomy":"post_tag","embeddable":true,"href":"https:\/\/www.caririemacao.com\/1\/wp-json\/wp\/v2\/tags?post=64787"}],"curies":[{"name":"wp","href":"https:\/\/api.w.org\/{rel}","templated":true}]}}