{"id":64790,"date":"2018-09-12T08:33:05","date_gmt":"2018-09-12T11:33:05","guid":{"rendered":"http:\/\/www.caririemacao.com\/1\/?p=64790"},"modified":"2018-09-12T08:33:05","modified_gmt":"2018-09-12T11:33:05","slug":"faltam-25-dias-para-eleicoes-que-terao-569-candidatos","status":"publish","type":"post","link":"https:\/\/www.caririemacao.com\/1\/2018\/09\/12\/faltam-25-dias-para-eleicoes-que-terao-569-candidatos\/","title":{"rendered":"Faltam 25 dias para elei\u00e7\u00f5es que ter\u00e3o 569 candidatos"},"content":{"rendered":"<p><a href=\"http:\/\/caririemdestaque.com\/cd\/wp-content\/uploads\/2018\/08\/urna-eletronica-mao.png\"><img fetchpriority=\"high\" decoding=\"async\" class=\"alignnone size-large wp-image-12159\" src=\"http:\/\/caririemdestaque.com\/cd\/wp-content\/uploads\/2018\/08\/urna-eletronica-mao-1024x576.png\" sizes=\"(max-width: 1024px) 100vw, 1024px\" srcset=\"http:\/\/caririemdestaque.com\/cd\/wp-content\/uploads\/2018\/08\/urna-eletronica-mao-1024x576.png 1024w, http:\/\/caririemdestaque.com\/cd\/wp-content\/uploads\/2018\/08\/urna-eletronica-mao-300x169.png 300w, http:\/\/caririemdestaque.com\/cd\/wp-content\/uploads\/2018\/08\/urna-eletronica-mao-768x432.png 768w, http:\/\/caririemdestaque.com\/cd\/wp-content\/uploads\/2018\/08\/urna-eletronica-mao.png 1280w\" alt=\"\" width=\"1024\" height=\"576\" \/><\/a><\/p>\n<p>Nas elei\u00e7\u00f5es de 2018, 569 candidatos em todo o pa\u00eds v\u00e3o disputar os 82 cargos existentes para o comando do Poder Executivo federal e estadual (presidente da Rep\u00fablica e governadores) e para a renova\u00e7\u00e3o de dois ter\u00e7os do Senado Federal. Em todos os casos, ser\u00e1 eleito o candidato que receber a maioria dos votos v\u00e1lidos digitados nas urnas eletr\u00f4nicas.<\/p>\n<p>Poder\u00e1 haver segundo turno para as elei\u00e7\u00f5es majorit\u00e1rias para presidente da Rep\u00fablica e, nos munic\u00edpios com mais de 200 mil eleitores, para governador, caso nenhum candidato obtenha um m\u00ednimo de 50% mais 1 dos votos v\u00e1lidos, exclu\u00eddos os votos brancos e nulos.<\/p>\n<p>Nesse caso, disputar\u00e3o o segundo turno no dia 28 de outubro os dois candidatos mais bem colocados nas urnas e ganhar\u00e1 aquele que alcan\u00e7ar o maior n\u00famero de votos, n\u00e3o importando a porcentagem.<\/p>\n<p>J\u00e1 para o Senado Federal ser\u00e3o eleitos, em cada estado, os dois candidatos a senador que receberem mais votos, tamb\u00e9m considerados apenas os votos v\u00e1lidos.<\/p>\n<p>A ideia da elei\u00e7\u00e3o majorit\u00e1ria \u00e9 garantir a representatividade ao eleito, dando maior relevo ao candidato, e n\u00e3o ao partido pol\u00edtico ou coliga\u00e7\u00e3o pelo qual o pol\u00edtico concorre.<\/p>\n<p>A exemplo de elei\u00e7\u00f5es anteriores, no pleito de 2018 os homens dominam a disputa para os cargos majorit\u00e1rios. Ao todo, s\u00e3o 475 candidatos e 94 candidatas. Para todos os cargos, a diferen\u00e7a entre os g\u00eaneros \u00e9 semelhante. Concorrem \u00e0 vaga de presidente da Rep\u00fablica 11 homens e apenas duas mulheres. Na disputa aos cargos de governador, eles somam 170 candidatos e elas, 29. Disputam as 54 cadeiras dispon\u00edveis no Senado 294 candidatos contra 63 candidatas.<\/p>\n<p><strong>Portal Correio\u00a0<\/strong><\/p>\n<p>Cariri em A\u00e7\u00e3o<\/p>\n<p>Leia mais not\u00edcias em\u00a0<a href=\"http:\/\/www.caririemacao.com\/\">caririemacao.com<\/a>, siga nossa p\u00e1gina no\u00a0<a href=\"https:\/\/www.facebook.com\/CaririEmAcao\/?ref=aymt_homepage_panel\">Facebook<\/a>,\u00a0<a href=\"https:\/\/www.instagram.com\/cariri_em_acao\/?hl=pt-br\">Instagram<\/a>\u00a0e\u00a0<a href=\"https:\/\/www.youtube.com\/channel\/UCAptA0jQuYQy8vMhLt2m4qg\">Youtube<\/a>\u00a0e veja nossas mat\u00e9rias, v\u00eddeos e fotos. Voc\u00ea tamb\u00e9m pode enviar informa\u00e7\u00f5es \u00e0 Reda\u00e7\u00e3o do Portal Cariri em A\u00e7\u00e3o pelo WhatsApp (83) 9 9634.5791, (83) 9 9601-1162.<\/p>\n","protected":false},"excerpt":{"rendered":"<p>Nas elei\u00e7\u00f5es de 2018, 569 candidatos em todo o pa\u00eds v\u00e3o disputar os 82 cargos existentes para o comando do Poder Executivo federal e estadual&hellip; <\/p>\n","protected":false},"author":1,"featured_media":836,"comment_status":"closed","ping_status":"closed","sticky":false,"template":"","format":"standard","meta":{"sfsi_plus_gutenberg_text_before_share":"","sfsi_plus_gutenberg_show_text_before_share":"","sfsi_plus_gutenberg_icon_type":"","sfsi_plus_gutenberg_icon_alignemt":"","sfsi_plus_gutenburg_max_per_row":"","footnotes":""},"categories":[1],"tags":[],"class_list":["post-64790","post","type-post","status-publish","format-standard","has-post-thumbnail","hentry","category-o-site"],"_links":{"self":[{"href":"https:\/\/www.caririemacao.com\/1\/wp-json\/wp\/v2\/posts\/64790","targetHints":{"allow":["GET"]}}],"collection":[{"href":"https:\/\/www.caririemacao.com\/1\/wp-json\/wp\/v2\/posts"}],"about":[{"href":"https:\/\/www.caririemacao.com\/1\/wp-json\/wp\/v2\/types\/post"}],"author":[{"embeddable":true,"href":"https:\/\/www.caririemacao.com\/1\/wp-json\/wp\/v2\/users\/1"}],"replies":[{"embeddable":true,"href":"https:\/\/www.caririemacao.com\/1\/wp-json\/wp\/v2\/comments?post=64790"}],"version-history":[{"count":1,"href":"https:\/\/www.caririemacao.com\/1\/wp-json\/wp\/v2\/posts\/64790\/revisions"}],"predecessor-version":[{"id":64791,"href":"https:\/\/www.caririemacao.com\/1\/wp-json\/wp\/v2\/posts\/64790\/revisions\/64791"}],"wp:featuredmedia":[{"embeddable":true,"href":"https:\/\/www.caririemacao.com\/1\/wp-json\/wp\/v2\/media\/836"}],"wp:attachment":[{"href":"https:\/\/www.caririemacao.com\/1\/wp-json\/wp\/v2\/media?parent=64790"}],"wp:term":[{"taxonomy":"category","embeddable":true,"href":"https:\/\/www.caririemacao.com\/1\/wp-json\/wp\/v2\/categories?post=64790"},{"taxonomy":"post_tag","embeddable":true,"href":"https:\/\/www.caririemacao.com\/1\/wp-json\/wp\/v2\/tags?post=64790"}],"curies":[{"name":"wp","href":"https:\/\/api.w.org\/{rel}","templated":true}]}}