{"id":64792,"date":"2018-09-12T08:36:06","date_gmt":"2018-09-12T11:36:06","guid":{"rendered":"http:\/\/www.caririemacao.com\/1\/?p=64792"},"modified":"2018-09-12T08:36:06","modified_gmt":"2018-09-12T11:36:06","slug":"prefeito-de-taperoa-quer-acabar-programa-de-bolsa-transporte-universitario-na-cidade","status":"publish","type":"post","link":"https:\/\/www.caririemacao.com\/1\/2018\/09\/12\/prefeito-de-taperoa-quer-acabar-programa-de-bolsa-transporte-universitario-na-cidade\/","title":{"rendered":"Prefeito de Tapero\u00e1 quer acabar programa de Bolsa Transporte Universit\u00e1rio na cidade"},"content":{"rendered":"<p>O Pleno do Tribunal de Justi\u00e7a da Para\u00edba se re\u00fane hoje (12) para analisar a A\u00e7\u00e3o Direta de Inconstitucionalidade contra a lei\u00a0municipal n\u00ba 147\/2016 do Munic\u00edpio de Tapero\u00e1, que cria o Programa Bolsa Transporte Universit\u00e1rio, a qual o prefeito quer a suspens\u00e3o.<\/p>\n<p>A Lei est\u00e1\u00a0em vigor desde 2006 e gera\u00a0a possibilidades dos estudantes de classes sociais menos favorecidas o acesso ao ensino superior e t\u00e9cnico, concedendo ajuda financeira para o custeio parcial do transporte escolar de alunos que residem em Tapero\u00e1, mas\u00a0que frequentam, em situa\u00e7\u00e3o regular, cursos de n\u00edvel superior e t\u00e9cnico, nas cidades de Campina Grande, Areia, Sum\u00e9 e Patos.<\/p>\n<p>O caso se deu quando\u00a0o prefeito do Munic\u00edpio de Tapero\u00e1, Jurandi Gouveia Farias, entrou com a a\u00e7\u00e3o em face da Lei Municipal n\u00ba 147\/2016, alegando v\u00edcio de inconstitucionalidade formal, uma vez que a iniciativa de projetos de lei que disponham sobre mat\u00e9ria or\u00e7ament\u00e1ria \u00e9 exclusiva do chefe do Poder Executivo, o que n\u00e3o se deu na \u00e9poca. O relator, desembargador Saulo Henriques de S\u00e1 e Benevides, indeferiu a liminar que pedia a suspens\u00e3o imediata da lei e o m\u00e9rito ser\u00e1 analisado nesta sess\u00e3o.<\/p>\n<p>Cariri em A\u00e7\u00e3o<\/p>\n<p>Leia mais not\u00edcias em\u00a0<a href=\"http:\/\/www.caririemacao.com\/\">caririemacao.com<\/a>, siga nossa p\u00e1gina no\u00a0<a href=\"https:\/\/www.facebook.com\/CaririEmAcao\/?ref=aymt_homepage_panel\">Facebook<\/a>,\u00a0<a href=\"https:\/\/www.instagram.com\/cariri_em_acao\/?hl=pt-br\">Instagram<\/a>\u00a0e\u00a0<a href=\"https:\/\/www.youtube.com\/channel\/UCAptA0jQuYQy8vMhLt2m4qg\">Youtube<\/a>\u00a0e veja nossas mat\u00e9rias, v\u00eddeos e fotos. Voc\u00ea tamb\u00e9m pode enviar informa\u00e7\u00f5es \u00e0 Reda\u00e7\u00e3o do Portal Cariri em A\u00e7\u00e3o pelo WhatsApp (83) 9 9634.5791, (83) 9 9601-1162.<\/p>\n","protected":false},"excerpt":{"rendered":"<p>O Pleno do Tribunal de Justi\u00e7a da Para\u00edba se re\u00fane hoje (12) para analisar a A\u00e7\u00e3o Direta de Inconstitucionalidade contra a lei\u00a0municipal n\u00ba 147\/2016 do&hellip; <\/p>\n","protected":false},"author":1,"featured_media":9347,"comment_status":"closed","ping_status":"closed","sticky":false,"template":"","format":"standard","meta":{"sfsi_plus_gutenberg_text_before_share":"","sfsi_plus_gutenberg_show_text_before_share":"","sfsi_plus_gutenberg_icon_type":"","sfsi_plus_gutenberg_icon_alignemt":"","sfsi_plus_gutenburg_max_per_row":"","footnotes":""},"categories":[2],"tags":[],"class_list":["post-64792","post","type-post","status-publish","format-standard","has-post-thumbnail","hentry","category-geral"],"_links":{"self":[{"href":"https:\/\/www.caririemacao.com\/1\/wp-json\/wp\/v2\/posts\/64792","targetHints":{"allow":["GET"]}}],"collection":[{"href":"https:\/\/www.caririemacao.com\/1\/wp-json\/wp\/v2\/posts"}],"about":[{"href":"https:\/\/www.caririemacao.com\/1\/wp-json\/wp\/v2\/types\/post"}],"author":[{"embeddable":true,"href":"https:\/\/www.caririemacao.com\/1\/wp-json\/wp\/v2\/users\/1"}],"replies":[{"embeddable":true,"href":"https:\/\/www.caririemacao.com\/1\/wp-json\/wp\/v2\/comments?post=64792"}],"version-history":[{"count":1,"href":"https:\/\/www.caririemacao.com\/1\/wp-json\/wp\/v2\/posts\/64792\/revisions"}],"predecessor-version":[{"id":64793,"href":"https:\/\/www.caririemacao.com\/1\/wp-json\/wp\/v2\/posts\/64792\/revisions\/64793"}],"wp:featuredmedia":[{"embeddable":true,"href":"https:\/\/www.caririemacao.com\/1\/wp-json\/wp\/v2\/media\/9347"}],"wp:attachment":[{"href":"https:\/\/www.caririemacao.com\/1\/wp-json\/wp\/v2\/media?parent=64792"}],"wp:term":[{"taxonomy":"category","embeddable":true,"href":"https:\/\/www.caririemacao.com\/1\/wp-json\/wp\/v2\/categories?post=64792"},{"taxonomy":"post_tag","embeddable":true,"href":"https:\/\/www.caririemacao.com\/1\/wp-json\/wp\/v2\/tags?post=64792"}],"curies":[{"name":"wp","href":"https:\/\/api.w.org\/{rel}","templated":true}]}}