{"id":64797,"date":"2018-09-12T13:27:14","date_gmt":"2018-09-12T16:27:14","guid":{"rendered":"http:\/\/www.caririemacao.com\/1\/?p=64797"},"modified":"2018-09-12T13:27:14","modified_gmt":"2018-09-12T16:27:14","slug":"procase-realiza-entrega-de-animais-a-produtores-do-cariri-paraibano","status":"publish","type":"post","link":"https:\/\/www.caririemacao.com\/1\/2018\/09\/12\/procase-realiza-entrega-de-animais-a-produtores-do-cariri-paraibano\/","title":{"rendered":"Procase realiza entrega de animais a produtores do Cariri Paraibano"},"content":{"rendered":"<p>O Governo do Estado da Para\u00edba, atrav\u00e9s da Secretaria de Estado da Agricultura Familiar e do Desenvolvimento do Semi\u00e1rido (Seafds), e Projeto de Desenvolvimento Sustent\u00e1vel do Cariri, Serid\u00f3 e Curimata\u00fa (Procase), realizou nesta semana, a entrega de animais a pequenos produtores rurais do Cariri Paraibano. As a\u00e7\u00f5es objetivam potencializar a cadeia produtiva j\u00e1 existentes na regi\u00e3o, auxiliando na melhoria da qualidade de vida das fam\u00edlias beneficiadas.<\/p>\n<p>A comunidade de Ribeira no munic\u00edpio de Cabaceiras recebeu um reprodutor da ra\u00e7a Dorper e 25 ovelhas de ra\u00e7as mesti\u00e7as de Dorper e Santa In\u00eas. A entrega contou com a participa\u00e7\u00e3o do Prefeito de Cabaceiras, Tiago Castro, bem como da equipe do Instituto de Assessoria a Cidadania e ao Desenvolvimento Sustent\u00e1vel (IDS), que atrav\u00e9s de sele\u00e7\u00e3o p\u00fablica presta servi\u00e7os de Assessoria T\u00e9cnica as comunidades atendidas pelo Procase no territ\u00f3rio do Cariri Oriental.<\/p>\n<p>Al\u00e9m da Caprinocultura, a comunidade de Ribeira tamb\u00e9m desenvolve a atividade produtiva do artesanato, e vem sendo beneficiada ainda com a reforma da sede da Associa\u00e7\u00e3o, para que o local possa ser usado como uma unidade coletiva de produ\u00e7\u00e3o, a implanta\u00e7\u00e3o de um campo irrigado de produ\u00e7\u00e3o de palma forrageira, aquisi\u00e7\u00e3o de maquin\u00e1rio para produ\u00e7\u00e3o de forragem, compra de insumos para cria\u00e7\u00e3o de um banco de mat\u00e9ria prima e capacita\u00e7\u00f5es na \u00e1rea de caprinocultura e artesanato em couro.<\/p>\n<p>As a\u00e7\u00f5es do Procase visam investir em empreendimentos produtivos na regi\u00e3o do semi\u00e1rido paraibano. Esses projetos incluem a\u00e7\u00f5es nas \u00e1reas de ovinocaprinocultura, fruticultura, pequenas ind\u00fastrias, artesanato, empreendimentos associativos e cooperativos, e outras atividades relativas a economia rural local.<\/p>\n<p>No territ\u00f3rio do Cariri Oriental o Procase apoia 17 projetos produtivos, em 10 munic\u00edpios distintos, com atividades produtivas em ovinocaprinocultura, artesanato, apicultura e quintais produtivos, totalizando um investimento de cerca de R$ 2 milh\u00f5es. Em toda sua \u00e1rea de atua\u00e7\u00e3o o Projeto possui 90 conv\u00eanios com projetos produtivos em andamento, al\u00e9m de 05 conv\u00eanios com cooperativas para implanta\u00e7\u00e3o de sistemas de energia solar e aquisi\u00e7\u00e3o de um caminh\u00e3o frigor\u00edfico, a\u00e7\u00f5es distribu\u00eddas em cinco territ\u00f3rios, com um investimento total de mais de R$ 11 milh\u00f5es.<\/p>\n<p>O Procase \u00e9 fruto da parceria entre o Governo do Estado da Para\u00edba e o Fundo Internacional de Desenvolvimento Agr\u00edcola (FIDA), organismo das Na\u00e7\u00f5es Unidas (ONU), beneficiando 56 munic\u00edpios do semi\u00e1rido paraibano, e visa fortalecer a agricultura familiar e contribuir para o desenvolvimento rural sustent\u00e1vel, reduzindo os n\u00edveis de pobreza rural e fortalecendo a\u00e7\u00f5es de preven\u00e7\u00e3o e mitiga\u00e7\u00e3o da desertifica\u00e7\u00e3o.<\/p>\n<p>Cariri em A\u00e7\u00e3o<\/p>\n<p>Leia mais not\u00edcias em\u00a0<a href=\"http:\/\/www.caririemacao.com\/\">caririemacao.com<\/a>, siga nossa p\u00e1gina no\u00a0<a href=\"https:\/\/www.facebook.com\/CaririEmAcao\/?ref=aymt_homepage_panel\">Facebook<\/a>,\u00a0<a href=\"https:\/\/www.instagram.com\/cariri_em_acao\/?hl=pt-br\">Instagram<\/a>\u00a0e\u00a0<a href=\"https:\/\/www.youtube.com\/channel\/UCAptA0jQuYQy8vMhLt2m4qg\">Youtube<\/a>\u00a0e veja nossas mat\u00e9rias, v\u00eddeos e fotos. Voc\u00ea tamb\u00e9m pode enviar informa\u00e7\u00f5es \u00e0 Reda\u00e7\u00e3o do Portal Cariri em A\u00e7\u00e3o pelo WhatsApp (83) 9 9634.5791, (83) 9 9601-1162.<\/p>\n","protected":false},"excerpt":{"rendered":"<p>O Governo do Estado da Para\u00edba, atrav\u00e9s da Secretaria de Estado da Agricultura Familiar e do Desenvolvimento do Semi\u00e1rido (Seafds), e Projeto de Desenvolvimento Sustent\u00e1vel&hellip; <\/p>\n","protected":false},"author":1,"featured_media":64798,"comment_status":"closed","ping_status":"closed","sticky":false,"template":"","format":"standard","meta":{"sfsi_plus_gutenberg_text_before_share":"","sfsi_plus_gutenberg_show_text_before_share":"","sfsi_plus_gutenberg_icon_type":"","sfsi_plus_gutenberg_icon_alignemt":"","sfsi_plus_gutenburg_max_per_row":"","footnotes":""},"categories":[2],"tags":[],"class_list":["post-64797","post","type-post","status-publish","format-standard","has-post-thumbnail","hentry","category-geral"],"_links":{"self":[{"href":"https:\/\/www.caririemacao.com\/1\/wp-json\/wp\/v2\/posts\/64797","targetHints":{"allow":["GET"]}}],"collection":[{"href":"https:\/\/www.caririemacao.com\/1\/wp-json\/wp\/v2\/posts"}],"about":[{"href":"https:\/\/www.caririemacao.com\/1\/wp-json\/wp\/v2\/types\/post"}],"author":[{"embeddable":true,"href":"https:\/\/www.caririemacao.com\/1\/wp-json\/wp\/v2\/users\/1"}],"replies":[{"embeddable":true,"href":"https:\/\/www.caririemacao.com\/1\/wp-json\/wp\/v2\/comments?post=64797"}],"version-history":[{"count":1,"href":"https:\/\/www.caririemacao.com\/1\/wp-json\/wp\/v2\/posts\/64797\/revisions"}],"predecessor-version":[{"id":64799,"href":"https:\/\/www.caririemacao.com\/1\/wp-json\/wp\/v2\/posts\/64797\/revisions\/64799"}],"wp:featuredmedia":[{"embeddable":true,"href":"https:\/\/www.caririemacao.com\/1\/wp-json\/wp\/v2\/media\/64798"}],"wp:attachment":[{"href":"https:\/\/www.caririemacao.com\/1\/wp-json\/wp\/v2\/media?parent=64797"}],"wp:term":[{"taxonomy":"category","embeddable":true,"href":"https:\/\/www.caririemacao.com\/1\/wp-json\/wp\/v2\/categories?post=64797"},{"taxonomy":"post_tag","embeddable":true,"href":"https:\/\/www.caririemacao.com\/1\/wp-json\/wp\/v2\/tags?post=64797"}],"curies":[{"name":"wp","href":"https:\/\/api.w.org\/{rel}","templated":true}]}}