{"id":64800,"date":"2018-09-12T13:36:04","date_gmt":"2018-09-12T16:36:04","guid":{"rendered":"http:\/\/www.caririemacao.com\/1\/?p=64800"},"modified":"2018-09-12T13:36:04","modified_gmt":"2018-09-12T16:36:04","slug":"oposicao-quebra-quorum-e-impede-votacao-de-titulo-de-cidadao-pessoense-a-bolsonaro","status":"publish","type":"post","link":"https:\/\/www.caririemacao.com\/1\/2018\/09\/12\/oposicao-quebra-quorum-e-impede-votacao-de-titulo-de-cidadao-pessoense-a-bolsonaro\/","title":{"rendered":"Oposi\u00e7\u00e3o quebra qu\u00f3rum e impede vota\u00e7\u00e3o de t\u00edtulo de cidad\u00e3o pessoense a Bolsonaro"},"content":{"rendered":"<p>Foi tumultuada a sess\u00e3o desta quarta-feira (12) na C\u00e2mara de Jo\u00e3o Pessoa. O motivo: uma propositura do vereador Carl\u00e3o da Consola\u00e7\u00e3o que sugeriu um t\u00edtulo de cidad\u00e3o pessoense ao presidenci\u00e1vel Jair Bolsonaro (PSL).<\/p>\n<p>Os vereadores da oposi\u00e7\u00e3o Sandra Marrocos (PSB), Tib\u00e9rio Limeira (PSB), L\u00e9o Bezerra (PSB) e Marcos Henriques (PT) chegaram a quebrar o qu\u00f3rum para impedir a vota\u00e7\u00e3o da mat\u00e9ria.<\/p>\n<p>\u201cNa minha avalia\u00e7\u00e3o esse homem \u00e9 mis\u00f3gino, preconceituoso e incitador da viol\u00eancia e do \u00f3dio, que nada fez pela cidade de Jo\u00e3o Pessoa n\u00e3o merece ser cidad\u00e3o dessa cidade, n\u00f3s n\u00e3o merecemos. O que est\u00e1 sendo feito na C\u00e2mara Municipal de Jo\u00e3o Pessoa \u00e9 um palanque pol\u00edtico. Na minha avalia\u00e7\u00e3o, Jair Bolsonaro merece um voto de rep\u00fadio da humanidade\u201d, repudiou a vereadora Sandra Marrocos.<\/p>\n<p>O vereador Marcos Henriques tamb\u00e9m demonstrou contrariedade com a propositura do colega de parlamento.<\/p>\n<p>\u201cN\u00f3s contestamos esse t\u00edtulo de cidad\u00e3o a algu\u00e9m que nada fez por Jo\u00e3o Pessoa. Um cara que prega o \u00f3dio. Eu me posiciono contr\u00e1rio, e nesse momento de elei\u00e7\u00e3o, est\u00e3o colocando esse t\u00edtulo de maneira casu\u00edsta\u201d, reclamou o petista.<\/p>\n<p>O autor da mat\u00e9ria, Carl\u00e3o da Consola\u00e7\u00e3o, lamentou a atitude dos colegas que impediram a aprecia\u00e7\u00e3o do projeto.<\/p>\n<p>\u201c\u00c9 mais um ato de covardia da esquerda, sabiam que iam perder no voto e acharam por bem evacuar, sair, retirar de pauta, ao inv\u00e9s de fazer o verdadeiro enfrentamento\u201d, falou.<\/p>\n<p>Quem tamb\u00e9m protestou contra o adiamento da vota\u00e7\u00e3o do projeto foi a vereadora Eliza Virg\u00ednia (PP).<\/p>\n<p>\u201cA metade da C\u00e2mara se retirou para n\u00e3o dar qu\u00f3rum. Assim que a sess\u00e3o terminou, eles voltaram como se tivesse sido uma vit\u00f3ria. Isso n\u00e3o foi vit\u00f3ria, eles esvaziaram o plen\u00e1rio. Quem n\u00e3o aprovou o voto de solidariedade a Jair Bolsonaro \u00e9 contra a democracia\u201d, afirmou Eliza.<\/p>\n<p>A expectativa \u00e9 de que a mat\u00e9ria volte a entrar na pauta da C\u00e2mara na sess\u00e3o desta quinta-feira (13).<\/p>\n<div class=\"sharedaddy sd-sharing-enabled\"><strong>Blog do Gordinho\u00a0<\/strong><\/div>\n<div>\n<p>Cariri em A\u00e7\u00e3o<\/p>\n<p>Leia mais not\u00edcias em\u00a0<a href=\"http:\/\/www.caririemacao.com\/\">caririemacao.com<\/a>, siga nossa p\u00e1gina no\u00a0<a href=\"https:\/\/www.facebook.com\/CaririEmAcao\/?ref=aymt_homepage_panel\">Facebook<\/a>,\u00a0<a href=\"https:\/\/www.instagram.com\/cariri_em_acao\/?hl=pt-br\">Instagram<\/a>\u00a0e\u00a0<a href=\"https:\/\/www.youtube.com\/channel\/UCAptA0jQuYQy8vMhLt2m4qg\">Youtube<\/a>\u00a0e veja nossas mat\u00e9rias, v\u00eddeos e fotos. Voc\u00ea tamb\u00e9m pode enviar informa\u00e7\u00f5es \u00e0 Reda\u00e7\u00e3o do Portal Cariri em A\u00e7\u00e3o pelo WhatsApp (83) 9 9634.5791, (83) 9 9601-1162.<\/p>\n<\/div>\n","protected":false},"excerpt":{"rendered":"<p>Foi tumultuada a sess\u00e3o desta quarta-feira (12) na C\u00e2mara de Jo\u00e3o Pessoa. O motivo: uma propositura do vereador Carl\u00e3o da Consola\u00e7\u00e3o que sugeriu um t\u00edtulo&hellip; <\/p>\n","protected":false},"author":1,"featured_media":64801,"comment_status":"closed","ping_status":"closed","sticky":false,"template":"","format":"standard","meta":{"sfsi_plus_gutenberg_text_before_share":"","sfsi_plus_gutenberg_show_text_before_share":"","sfsi_plus_gutenberg_icon_type":"","sfsi_plus_gutenberg_icon_alignemt":"","sfsi_plus_gutenburg_max_per_row":"","footnotes":""},"categories":[11],"tags":[],"class_list":["post-64800","post","type-post","status-publish","format-standard","has-post-thumbnail","hentry","category-politica"],"_links":{"self":[{"href":"https:\/\/www.caririemacao.com\/1\/wp-json\/wp\/v2\/posts\/64800","targetHints":{"allow":["GET"]}}],"collection":[{"href":"https:\/\/www.caririemacao.com\/1\/wp-json\/wp\/v2\/posts"}],"about":[{"href":"https:\/\/www.caririemacao.com\/1\/wp-json\/wp\/v2\/types\/post"}],"author":[{"embeddable":true,"href":"https:\/\/www.caririemacao.com\/1\/wp-json\/wp\/v2\/users\/1"}],"replies":[{"embeddable":true,"href":"https:\/\/www.caririemacao.com\/1\/wp-json\/wp\/v2\/comments?post=64800"}],"version-history":[{"count":1,"href":"https:\/\/www.caririemacao.com\/1\/wp-json\/wp\/v2\/posts\/64800\/revisions"}],"predecessor-version":[{"id":64802,"href":"https:\/\/www.caririemacao.com\/1\/wp-json\/wp\/v2\/posts\/64800\/revisions\/64802"}],"wp:featuredmedia":[{"embeddable":true,"href":"https:\/\/www.caririemacao.com\/1\/wp-json\/wp\/v2\/media\/64801"}],"wp:attachment":[{"href":"https:\/\/www.caririemacao.com\/1\/wp-json\/wp\/v2\/media?parent=64800"}],"wp:term":[{"taxonomy":"category","embeddable":true,"href":"https:\/\/www.caririemacao.com\/1\/wp-json\/wp\/v2\/categories?post=64800"},{"taxonomy":"post_tag","embeddable":true,"href":"https:\/\/www.caririemacao.com\/1\/wp-json\/wp\/v2\/tags?post=64800"}],"curies":[{"name":"wp","href":"https:\/\/api.w.org\/{rel}","templated":true}]}}