{"id":64805,"date":"2018-09-12T15:31:11","date_gmt":"2018-09-12T18:31:11","guid":{"rendered":"http:\/\/www.caririemacao.com\/1\/?p=64805"},"modified":"2018-09-12T15:31:11","modified_gmt":"2018-09-12T18:31:11","slug":"preco-da-gasolina-nas-refinarias-da-petrobras-sobe-102","status":"publish","type":"post","link":"https:\/\/www.caririemacao.com\/1\/2018\/09\/12\/preco-da-gasolina-nas-refinarias-da-petrobras-sobe-102\/","title":{"rendered":"Pre\u00e7o da gasolina nas refinarias da Petrobras sobe 1,02%"},"content":{"rendered":"<p><a class=\"single-image-gallery\" href=\"http:\/\/www.blogdogordinho.com.br\/petrobras-anuncia-reducao-do-preco-do-diesel-e-da-gasolina-a-partir-de-quarta\/gasolina-5\/\" rel=\"attachment wp-att-165517\"><img fetchpriority=\"high\" decoding=\"async\" class=\"size-full wp-image-165517 aligncenter\" src=\"https:\/\/i0.wp.com\/www.blogdogordinho.com.br\/site\/wp-content\/uploads\/2018\/05\/gasolina.jpeg?resize=680%2C450\" sizes=\"(max-width: 680px) 100vw, 680px\" srcset=\"https:\/\/i0.wp.com\/www.blogdogordinho.com.br\/site\/wp-content\/uploads\/2018\/05\/gasolina.jpeg?w=680 680w, https:\/\/i0.wp.com\/www.blogdogordinho.com.br\/site\/wp-content\/uploads\/2018\/05\/gasolina.jpeg?resize=300%2C199 300w\" alt=\"\" width=\"330\" height=\"218\" data-attachment-id=\"165517\" data-permalink=\"http:\/\/www.blogdogordinho.com.br\/petrobras-anuncia-reducao-do-preco-do-diesel-e-da-gasolina-a-partir-de-quarta\/gasolina-5\/\" data-orig-file=\"https:\/\/i0.wp.com\/www.blogdogordinho.com.br\/site\/wp-content\/uploads\/2018\/05\/gasolina.jpeg?fit=680%2C450\" data-orig-size=\"680,450\" data-comments-opened=\"1\" data-image-meta=\"{&quot;aperture&quot;:&quot;0&quot;,&quot;credit&quot;:&quot;&quot;,&quot;camera&quot;:&quot;&quot;,&quot;caption&quot;:&quot;&quot;,&quot;created_timestamp&quot;:&quot;0&quot;,&quot;copyright&quot;:&quot;&quot;,&quot;focal_length&quot;:&quot;0&quot;,&quot;iso&quot;:&quot;0&quot;,&quot;shutter_speed&quot;:&quot;0&quot;,&quot;title&quot;:&quot;&quot;,&quot;orientation&quot;:&quot;0&quot;}\" data-image-title=\"gasolina\" data-image-description=\"\" data-medium-file=\"https:\/\/i0.wp.com\/www.blogdogordinho.com.br\/site\/wp-content\/uploads\/2018\/05\/gasolina.jpeg?fit=300%2C199\" data-large-file=\"https:\/\/i0.wp.com\/www.blogdogordinho.com.br\/site\/wp-content\/uploads\/2018\/05\/gasolina.jpeg?fit=680%2C450\" \/><\/a>Depois de uma semana sem reajustes no pre\u00e7o da gasolina, a Petrobras anunciou hoje (12) aumento de 1,02% no pre\u00e7o do combust\u00edvel comercializado em suas refinarias.<\/p>\n<p>A partir de amanh\u00e3 (13), o litro da gasolina passar\u00e1 a custar R$ 2,2294, dois centavos a mais do que os R$ 2,2069 cobrados desde 5 de setembro.<\/p>\n<p>No m\u00eas, o litro do combust\u00edvel j\u00e1 subiu nove centavos, ou seja, 4,3% a mais do que custava no fim de agosto (R$ 2,1375).<\/p>\n<p><strong>Blog do Gordinho\u00a0<\/strong><\/p>\n<p>Cariri em A\u00e7\u00e3o<\/p>\n<p>Leia mais not\u00edcias em\u00a0<a href=\"http:\/\/www.caririemacao.com\/\">caririemacao.com<\/a>, siga nossa p\u00e1gina no\u00a0<a href=\"https:\/\/www.facebook.com\/CaririEmAcao\/?ref=aymt_homepage_panel\">Facebook<\/a>,\u00a0<a href=\"https:\/\/www.instagram.com\/cariri_em_acao\/?hl=pt-br\">Instagram<\/a>\u00a0e\u00a0<a href=\"https:\/\/www.youtube.com\/channel\/UCAptA0jQuYQy8vMhLt2m4qg\">Youtube<\/a>\u00a0e veja nossas mat\u00e9rias, v\u00eddeos e fotos. Voc\u00ea tamb\u00e9m pode enviar informa\u00e7\u00f5es \u00e0 Reda\u00e7\u00e3o do Portal Cariri em A\u00e7\u00e3o pelo WhatsApp (83) 9 9634.5791, (83) 9 9601-1162.<\/p>\n","protected":false},"excerpt":{"rendered":"<p>Depois de uma semana sem reajustes no pre\u00e7o da gasolina, a Petrobras anunciou hoje (12) aumento de 1,02% no pre\u00e7o do combust\u00edvel comercializado em suas&hellip; <\/p>\n","protected":false},"author":1,"featured_media":11574,"comment_status":"closed","ping_status":"closed","sticky":false,"template":"","format":"standard","meta":{"sfsi_plus_gutenberg_text_before_share":"","sfsi_plus_gutenberg_show_text_before_share":"","sfsi_plus_gutenberg_icon_type":"","sfsi_plus_gutenberg_icon_alignemt":"","sfsi_plus_gutenburg_max_per_row":"","footnotes":""},"categories":[2],"tags":[],"class_list":["post-64805","post","type-post","status-publish","format-standard","has-post-thumbnail","hentry","category-geral"],"_links":{"self":[{"href":"https:\/\/www.caririemacao.com\/1\/wp-json\/wp\/v2\/posts\/64805","targetHints":{"allow":["GET"]}}],"collection":[{"href":"https:\/\/www.caririemacao.com\/1\/wp-json\/wp\/v2\/posts"}],"about":[{"href":"https:\/\/www.caririemacao.com\/1\/wp-json\/wp\/v2\/types\/post"}],"author":[{"embeddable":true,"href":"https:\/\/www.caririemacao.com\/1\/wp-json\/wp\/v2\/users\/1"}],"replies":[{"embeddable":true,"href":"https:\/\/www.caririemacao.com\/1\/wp-json\/wp\/v2\/comments?post=64805"}],"version-history":[{"count":1,"href":"https:\/\/www.caririemacao.com\/1\/wp-json\/wp\/v2\/posts\/64805\/revisions"}],"predecessor-version":[{"id":64806,"href":"https:\/\/www.caririemacao.com\/1\/wp-json\/wp\/v2\/posts\/64805\/revisions\/64806"}],"wp:featuredmedia":[{"embeddable":true,"href":"https:\/\/www.caririemacao.com\/1\/wp-json\/wp\/v2\/media\/11574"}],"wp:attachment":[{"href":"https:\/\/www.caririemacao.com\/1\/wp-json\/wp\/v2\/media?parent=64805"}],"wp:term":[{"taxonomy":"category","embeddable":true,"href":"https:\/\/www.caririemacao.com\/1\/wp-json\/wp\/v2\/categories?post=64805"},{"taxonomy":"post_tag","embeddable":true,"href":"https:\/\/www.caririemacao.com\/1\/wp-json\/wp\/v2\/tags?post=64805"}],"curies":[{"name":"wp","href":"https:\/\/api.w.org\/{rel}","templated":true}]}}