{"id":64808,"date":"2018-09-12T16:23:40","date_gmt":"2018-09-12T19:23:40","guid":{"rendered":"http:\/\/www.caririemacao.com\/1\/?p=64808"},"modified":"2018-09-12T16:23:40","modified_gmt":"2018-09-12T19:23:40","slug":"depressao-fisioterapeuta-explica-importancia-da-acupuntura-no-tratamento-preventivo","status":"publish","type":"post","link":"https:\/\/www.caririemacao.com\/1\/2018\/09\/12\/depressao-fisioterapeuta-explica-importancia-da-acupuntura-no-tratamento-preventivo\/","title":{"rendered":"Depress\u00e3o: Fisioterapeuta explica import\u00e2ncia da acupuntura no tratamento preventivo"},"content":{"rendered":"<p>A\u00a0fisioterapeuta Rafaela Lucena, da Cl\u00ednica do Idoso, em Campina Grande, comentou sobre a campanha Setembro Amarelo de combate ao suic\u00eddio e citou que a acupuntura tem uma atua\u00e7\u00e3o importante no tratamento da depress\u00e3o.<\/p>\n<p>Ela explicou que existem pessoas que apresentam caracter\u00edsticas depressivas, mas n\u00e3o demonstram.<\/p>\n<div id=\"attachment_499940\" class=\"wp-caption aligncenter\"><img decoding=\"async\" class=\"wp-image-499940 size-full lazyloaded\" src=\"https:\/\/paraibaonline.com.br\/wp-content\/uploads\/2018\/09\/acupuntura1209.jpg\" sizes=\"(max-width: 1024px) 100vw, 1024px\" srcset=\"https:\/\/paraibaonline.com.br\/wp-content\/uploads\/2018\/09\/acupuntura1209.jpg 1024w, https:\/\/paraibaonline.com.br\/wp-content\/uploads\/2018\/09\/acupuntura1209-556x417.jpg 556w, https:\/\/paraibaonline.com.br\/wp-content\/uploads\/2018\/09\/acupuntura1209-883x662.jpg 883w, https:\/\/paraibaonline.com.br\/wp-content\/uploads\/2018\/09\/acupuntura1209-800x600.jpg 800w\" alt=\"Foto: Reprodu\u00e7\u00e3o\/ Internet\" data-lazy-src=\"https:\/\/paraibaonline.com.br\/wp-content\/uploads\/2018\/09\/acupuntura1209.jpg\" data-lazy-srcset=\"https:\/\/paraibaonline.com.br\/wp-content\/uploads\/2018\/09\/acupuntura1209.jpg 1024w, https:\/\/paraibaonline.com.br\/wp-content\/uploads\/2018\/09\/acupuntura1209-556x417.jpg 556w, https:\/\/paraibaonline.com.br\/wp-content\/uploads\/2018\/09\/acupuntura1209-883x662.jpg 883w, https:\/\/paraibaonline.com.br\/wp-content\/uploads\/2018\/09\/acupuntura1209-800x600.jpg 800w\" data-lazy-sizes=\"(max-width: 1024px) 100vw, 1024px\" data-was-processed=\"true\" \/><\/p>\n<p class=\"wp-caption-text\">Foto ilustrativa: Reprodu\u00e7\u00e3o\/ Internet<\/p>\n<\/div>\n<p>Rafaela explicou que os suportes psicol\u00f3gico e psiqui\u00e1trico ajudam, junto com a acupuntura, no tratamento preventivo de depress\u00e3o.<\/p>\n<p>A fisioterapeuta tamb\u00e9m citou que a acupuntura auxilia na produ\u00e7\u00e3o de horm\u00f4nios importantes que causam a sensa\u00e7\u00e3o de felicidade.<\/p>\n<p>\u2013 O Setembro Amarelo visa abrir os olhos das pessoas que est\u00e3o pr\u00f3ximas de pessoas com depress\u00e3o. Na acupuntura temos pontos espec\u00edficos que conseguimos aumentar os n\u00edveis de horm\u00f4nios que causam bem-estar, como a serotonina \u2013 disse.<\/p>\n<p><strong>Para\u00edba Online\u00a0<\/strong><\/p>\n<p>Cariri em A\u00e7\u00e3o<\/p>\n<p>Leia mais not\u00edcias em\u00a0<a href=\"http:\/\/www.caririemacao.com\/\">caririemacao.com<\/a>, siga nossa p\u00e1gina no\u00a0<a href=\"https:\/\/www.facebook.com\/CaririEmAcao\/?ref=aymt_homepage_panel\">Facebook<\/a>,\u00a0<a href=\"https:\/\/www.instagram.com\/cariri_em_acao\/?hl=pt-br\">Instagram<\/a>\u00a0e\u00a0<a href=\"https:\/\/www.youtube.com\/channel\/UCAptA0jQuYQy8vMhLt2m4qg\">Youtube<\/a>\u00a0e veja nossas mat\u00e9rias, v\u00eddeos e fotos. Voc\u00ea tamb\u00e9m pode enviar informa\u00e7\u00f5es \u00e0 Reda\u00e7\u00e3o do Portal Cariri em A\u00e7\u00e3o pelo WhatsApp (83) 9 9634.5791, (83) 9 9601-1162.<\/p>\n","protected":false},"excerpt":{"rendered":"<p>A\u00a0fisioterapeuta Rafaela Lucena, da Cl\u00ednica do Idoso, em Campina Grande, comentou sobre a campanha Setembro Amarelo de combate ao suic\u00eddio e citou que a acupuntura&hellip; <\/p>\n","protected":false},"author":1,"featured_media":64809,"comment_status":"closed","ping_status":"closed","sticky":false,"template":"","format":"standard","meta":{"sfsi_plus_gutenberg_text_before_share":"","sfsi_plus_gutenberg_show_text_before_share":"","sfsi_plus_gutenberg_icon_type":"","sfsi_plus_gutenberg_icon_alignemt":"","sfsi_plus_gutenburg_max_per_row":"","footnotes":""},"categories":[16],"tags":[],"class_list":["post-64808","post","type-post","status-publish","format-standard","has-post-thumbnail","hentry","category-saude"],"_links":{"self":[{"href":"https:\/\/www.caririemacao.com\/1\/wp-json\/wp\/v2\/posts\/64808","targetHints":{"allow":["GET"]}}],"collection":[{"href":"https:\/\/www.caririemacao.com\/1\/wp-json\/wp\/v2\/posts"}],"about":[{"href":"https:\/\/www.caririemacao.com\/1\/wp-json\/wp\/v2\/types\/post"}],"author":[{"embeddable":true,"href":"https:\/\/www.caririemacao.com\/1\/wp-json\/wp\/v2\/users\/1"}],"replies":[{"embeddable":true,"href":"https:\/\/www.caririemacao.com\/1\/wp-json\/wp\/v2\/comments?post=64808"}],"version-history":[{"count":1,"href":"https:\/\/www.caririemacao.com\/1\/wp-json\/wp\/v2\/posts\/64808\/revisions"}],"predecessor-version":[{"id":64810,"href":"https:\/\/www.caririemacao.com\/1\/wp-json\/wp\/v2\/posts\/64808\/revisions\/64810"}],"wp:featuredmedia":[{"embeddable":true,"href":"https:\/\/www.caririemacao.com\/1\/wp-json\/wp\/v2\/media\/64809"}],"wp:attachment":[{"href":"https:\/\/www.caririemacao.com\/1\/wp-json\/wp\/v2\/media?parent=64808"}],"wp:term":[{"taxonomy":"category","embeddable":true,"href":"https:\/\/www.caririemacao.com\/1\/wp-json\/wp\/v2\/categories?post=64808"},{"taxonomy":"post_tag","embeddable":true,"href":"https:\/\/www.caririemacao.com\/1\/wp-json\/wp\/v2\/tags?post=64808"}],"curies":[{"name":"wp","href":"https:\/\/api.w.org\/{rel}","templated":true}]}}