{"id":64812,"date":"2018-09-12T17:42:54","date_gmt":"2018-09-12T20:42:54","guid":{"rendered":"http:\/\/www.caririemacao.com\/1\/?p=64812"},"modified":"2018-09-12T17:42:54","modified_gmt":"2018-09-12T20:42:54","slug":"monteiro-tera-juiz-do-trabalho-de-plantao-na-proxima-semana-informa-trt","status":"publish","type":"post","link":"https:\/\/www.caririemacao.com\/1\/2018\/09\/12\/monteiro-tera-juiz-do-trabalho-de-plantao-na-proxima-semana-informa-trt\/","title":{"rendered":"Monteiro ter\u00e1 juiz do trabalho de plant\u00e3o na pr\u00f3xima semana, informa TRT"},"content":{"rendered":"<p>A Corregedoria-Regional designou o juiz do trabalho Marcello Maia para atuar no Posto de Atendimento de Monteiro na pr\u00f3xima ter\u00e7a-feira (18) para atender aos advogados e partes interessadas nos processos trabalhistas.<\/p>\n<p>A designa\u00e7\u00e3o de um juiz pela Corregedoria \u00e9 parte das a\u00e7\u00f5es que o Tribunal do Trabalho da Para\u00edba (13\u00aa Regi\u00e3o) est\u00e1 desenvolvendo na Semana Nacional da Execu\u00e7\u00e3o Trabalhista, que acontecer\u00e1 na pr\u00f3xima semana, de 17 a 21.<\/p>\n<p>O evento \u00e9 uma realiza\u00e7\u00e3o do Conselho Superior da Justi\u00e7a do Trabalho (CSJT) e tem como objetivo promover um engajamento nacional para solucionar processos com d\u00edvidas trabalhistas em fase de execu\u00e7\u00e3o<\/p>\n<p>Para a realiza\u00e7\u00e3o de audi\u00eancias em Monteiro, os pedidos ainda podem ser protocolados e, havendo consenso entre as partes, basta comparecerem, independentemente de requerimento, no dia 18, das 9h \u00e0s 15h. Essa medida objetiva o corregedor facilitar o acesso \u00e0 Justi\u00e7a e estimular a concilia\u00e7\u00e3o em processos em fase de execu\u00e7\u00e3o daqueles que residem em Monteiro ou em cidades pr\u00f3ximas.<\/p>\n<p><strong>Maiores devedores<\/strong><br \/>\nO slogan da Semana Nacional da Execu\u00e7\u00e3o Trabalhista deste ano \u00e9 \u201cA justi\u00e7a s\u00f3 \u00e9 efetiva quando realizada por inteiro\u201d. Na Para\u00edba, o corregedor do Tribunal do Trabalho (13\u00aa Regi\u00e3o), desembargador Wolney de Macedo Cordeiro, sugeriu \u00e0s Varas que, no per\u00edodo de 17 a 21 deste m\u00eas de setembro, acres\u00e7am \u00e0s pautas de audi\u00eancias regulares, para fins conciliat\u00f3rios, processos em fase de execu\u00e7\u00e3o, liquidados e que n\u00e3o foram pagos, preferencialmente em n\u00famero n\u00e3o inferior a 15 por dia, ap\u00f3s a necess\u00e1ria triagem b\u00e1sica para que resultados efetivos possam ser alcan\u00e7ados.<\/p>\n<p>Dever\u00e3o ser priorizados os processos dos maiores devedores; dos que est\u00e3o com leil\u00f5es marcados; os que se encontram em arquivo provis\u00f3rio e os com agravo de peti\u00e7\u00e3o, aguardando prazo para resposta ou antes do envio ao TRT. O corregedor do TRT pede ainda o empenho absoluto dos ju\u00edzes, titulares e substitutos, bem como dos servidores e que canalizem esfor\u00e7os para a realiza\u00e7\u00e3o de algumas atividades.<\/p>\n<p><strong>Cariri Ligado\u00a0<\/strong><\/p>\n<p>Cariri em A\u00e7\u00e3o<\/p>\n<p>Leia mais not\u00edcias em\u00a0<a href=\"http:\/\/www.caririemacao.com\/\">caririemacao.com<\/a>, siga nossa p\u00e1gina no\u00a0<a href=\"https:\/\/www.facebook.com\/CaririEmAcao\/?ref=aymt_homepage_panel\">Facebook<\/a>,\u00a0<a href=\"https:\/\/www.instagram.com\/cariri_em_acao\/?hl=pt-br\">Instagram<\/a>\u00a0e\u00a0<a href=\"https:\/\/www.youtube.com\/channel\/UCAptA0jQuYQy8vMhLt2m4qg\">Youtube<\/a>\u00a0e veja nossas mat\u00e9rias, v\u00eddeos e fotos. Voc\u00ea tamb\u00e9m pode enviar informa\u00e7\u00f5es \u00e0 Reda\u00e7\u00e3o do Portal Cariri em A\u00e7\u00e3o pelo WhatsApp (83) 9 9634.5791, (83) 9 9601-1162.<\/p>\n<p>&nbsp;<\/p>\n","protected":false},"excerpt":{"rendered":"<p>A Corregedoria-Regional designou o juiz do trabalho Marcello Maia para atuar no Posto de Atendimento de Monteiro na pr\u00f3xima ter\u00e7a-feira (18) para atender aos advogados&hellip; <\/p>\n","protected":false},"author":1,"featured_media":13584,"comment_status":"closed","ping_status":"closed","sticky":false,"template":"","format":"standard","meta":{"sfsi_plus_gutenberg_text_before_share":"","sfsi_plus_gutenberg_show_text_before_share":"","sfsi_plus_gutenberg_icon_type":"","sfsi_plus_gutenberg_icon_alignemt":"","sfsi_plus_gutenburg_max_per_row":"","footnotes":""},"categories":[6],"tags":[],"class_list":["post-64812","post","type-post","status-publish","format-standard","has-post-thumbnail","hentry","category-cidades"],"_links":{"self":[{"href":"https:\/\/www.caririemacao.com\/1\/wp-json\/wp\/v2\/posts\/64812","targetHints":{"allow":["GET"]}}],"collection":[{"href":"https:\/\/www.caririemacao.com\/1\/wp-json\/wp\/v2\/posts"}],"about":[{"href":"https:\/\/www.caririemacao.com\/1\/wp-json\/wp\/v2\/types\/post"}],"author":[{"embeddable":true,"href":"https:\/\/www.caririemacao.com\/1\/wp-json\/wp\/v2\/users\/1"}],"replies":[{"embeddable":true,"href":"https:\/\/www.caririemacao.com\/1\/wp-json\/wp\/v2\/comments?post=64812"}],"version-history":[{"count":1,"href":"https:\/\/www.caririemacao.com\/1\/wp-json\/wp\/v2\/posts\/64812\/revisions"}],"predecessor-version":[{"id":64813,"href":"https:\/\/www.caririemacao.com\/1\/wp-json\/wp\/v2\/posts\/64812\/revisions\/64813"}],"wp:featuredmedia":[{"embeddable":true,"href":"https:\/\/www.caririemacao.com\/1\/wp-json\/wp\/v2\/media\/13584"}],"wp:attachment":[{"href":"https:\/\/www.caririemacao.com\/1\/wp-json\/wp\/v2\/media?parent=64812"}],"wp:term":[{"taxonomy":"category","embeddable":true,"href":"https:\/\/www.caririemacao.com\/1\/wp-json\/wp\/v2\/categories?post=64812"},{"taxonomy":"post_tag","embeddable":true,"href":"https:\/\/www.caririemacao.com\/1\/wp-json\/wp\/v2\/tags?post=64812"}],"curies":[{"name":"wp","href":"https:\/\/api.w.org\/{rel}","templated":true}]}}