{"id":64828,"date":"2018-09-12T22:58:34","date_gmt":"2018-09-13T01:58:34","guid":{"rendered":"http:\/\/www.caririemacao.com\/1\/?p=64828"},"modified":"2018-09-12T22:58:34","modified_gmt":"2018-09-13T01:58:34","slug":"urgente-bolsonaro-e-submetido-a-cirurgia-de-emergencia","status":"publish","type":"post","link":"https:\/\/www.caririemacao.com\/1\/2018\/09\/12\/urgente-bolsonaro-e-submetido-a-cirurgia-de-emergencia\/","title":{"rendered":"URGENTE: Bolsonaro \u00e9 submetido a cirurgia de emerg\u00eancia"},"content":{"rendered":"<div class=\"content\">\n<p>O presidenci\u00e1vel\u00a0<a href=\"https:\/\/noticias.uol.com.br\/politica\/eleicoes\/2018\/candidatos\/jair-bolsonaro-psl\/index.htm\"><strong>Jair Bolsonaro (PSL)<\/strong><\/a>\u00a0est\u00e1 sendo submetido a uma cirurgia de emerg\u00eancia na noite desta quarta-feira (12) devido a um problema no intestino.<\/p>\n<p>A informa\u00e7\u00e3o foi confirmada \u00e0s 22h30 pelo presidente em exerc\u00edcio do PSL, Gustavo Bebianno, que acompanha o candidato no Hospital Israelita Albert Einstein, em S\u00e3o Paulo.<\/p>\n<p>A assessoria do hospital disse ainda n\u00e3o ter nenhuma informa\u00e7\u00e3o sobre a cirurgia.<\/p>\n<p>Bolsonaro foi esfaqueado durante um ato de campanha na \u00faltima quinta-feira (6), em Juiz de Fora. Uma veia abdominal e os dois intestinos foram atingidos. No mesmo dia, ele passou por uma cirurgia de cerca de duas horas.<\/p>\n<p>Ao longo da semana, o presidenci\u00e1vel demonstrou sinais de evolu\u00e7\u00e3o e passou nesta ter\u00e7a-feira (11) da UTI (Unidade de Terapia Intensiva) para o CTI (Centro de Terapia Intensiva).<\/p>\n<p>Tamb\u00e9m ontem, os m\u00e9dicos iniciaram a reintrodu\u00e7\u00e3o alimentar, mas a alimenta\u00e7\u00e3o oral foi suspensa hoje (12) devido ao surgimento de uma distens\u00e3o abdominal.<\/p>\n<p>O boletim m\u00e9dico divulgado pelo hospital por volta das 18h30 desta quarta-feira informou que Bolsonaro estava em situa\u00e7\u00e3o est\u00e1vel, sem altera\u00e7\u00f5es no quadro cl\u00ednico nas 12 horas anteriores.<\/p>\n<p>Bolsonaro lidera as principais pesquisas de inten\u00e7\u00f5es de voto para o Planalto. No Ibope divulgado nesta ter\u00e7a-feira (11), ele apareceu com 26% das inten\u00e7\u00f5es de voto.<\/p>\n<\/div>\n","protected":false},"excerpt":{"rendered":"<p>O presidenci\u00e1vel\u00a0Jair Bolsonaro (PSL)\u00a0est\u00e1 sendo submetido a uma cirurgia de emerg\u00eancia na noite desta quarta-feira (12) devido a um problema no intestino. A informa\u00e7\u00e3o foi&hellip; <\/p>\n","protected":false},"author":2,"featured_media":64829,"comment_status":"closed","ping_status":"closed","sticky":false,"template":"","format":"standard","meta":{"sfsi_plus_gutenberg_text_before_share":"","sfsi_plus_gutenberg_show_text_before_share":"","sfsi_plus_gutenberg_icon_type":"","sfsi_plus_gutenberg_icon_alignemt":"","sfsi_plus_gutenburg_max_per_row":"","footnotes":""},"categories":[2],"tags":[],"class_list":["post-64828","post","type-post","status-publish","format-standard","has-post-thumbnail","hentry","category-geral"],"_links":{"self":[{"href":"https:\/\/www.caririemacao.com\/1\/wp-json\/wp\/v2\/posts\/64828","targetHints":{"allow":["GET"]}}],"collection":[{"href":"https:\/\/www.caririemacao.com\/1\/wp-json\/wp\/v2\/posts"}],"about":[{"href":"https:\/\/www.caririemacao.com\/1\/wp-json\/wp\/v2\/types\/post"}],"author":[{"embeddable":true,"href":"https:\/\/www.caririemacao.com\/1\/wp-json\/wp\/v2\/users\/2"}],"replies":[{"embeddable":true,"href":"https:\/\/www.caririemacao.com\/1\/wp-json\/wp\/v2\/comments?post=64828"}],"version-history":[{"count":1,"href":"https:\/\/www.caririemacao.com\/1\/wp-json\/wp\/v2\/posts\/64828\/revisions"}],"predecessor-version":[{"id":64830,"href":"https:\/\/www.caririemacao.com\/1\/wp-json\/wp\/v2\/posts\/64828\/revisions\/64830"}],"wp:featuredmedia":[{"embeddable":true,"href":"https:\/\/www.caririemacao.com\/1\/wp-json\/wp\/v2\/media\/64829"}],"wp:attachment":[{"href":"https:\/\/www.caririemacao.com\/1\/wp-json\/wp\/v2\/media?parent=64828"}],"wp:term":[{"taxonomy":"category","embeddable":true,"href":"https:\/\/www.caririemacao.com\/1\/wp-json\/wp\/v2\/categories?post=64828"},{"taxonomy":"post_tag","embeddable":true,"href":"https:\/\/www.caririemacao.com\/1\/wp-json\/wp\/v2\/tags?post=64828"}],"curies":[{"name":"wp","href":"https:\/\/api.w.org\/{rel}","templated":true}]}}