{"id":64832,"date":"2018-09-13T07:05:22","date_gmt":"2018-09-13T10:05:22","guid":{"rendered":"http:\/\/www.caririemacao.com\/1\/?p=64832"},"modified":"2018-09-13T07:05:22","modified_gmt":"2018-09-13T10:05:22","slug":"resolucao-da-ana-aprova-rateio-da-agua-do-eixo-leste-com-pb-e-pe","status":"publish","type":"post","link":"https:\/\/www.caririemacao.com\/1\/2018\/09\/13\/resolucao-da-ana-aprova-rateio-da-agua-do-eixo-leste-com-pb-e-pe\/","title":{"rendered":"Resolu\u00e7\u00e3o da ANA aprova rateio da \u00e1gua do Eixo Leste com PB e PE"},"content":{"rendered":"<div>\n<div class=\"compartilhar compartilhar-area\">\n<div class=\"row\">\n<div class=\"item col-xs-6\"><img fetchpriority=\"high\" decoding=\"async\" class=\"img-responsive full-image alignleft\" title=\"Resolu\u00e7\u00e3o da ANA aprova rateio da \u00e1gua do Eixo Leste com PB e PE\" src=\"https:\/\/www2.pbagora.com.br\/t.php?src=ew3press\/conteudo\/20180912112346.jpg&amp;w=800&amp;q=50\" alt=\"Resolu\u00e7\u00e3o da ANA aprova rateio da \u00e1gua do Eixo Leste com PB e PE\" width=\"422\" height=\"232\" \/><\/div>\n<\/div>\n<\/div>\n<\/div>\n<div class=\"space-20\">A\u00a0Resolu\u00e7\u00e3o ANA n\u00ba 63\/2018, publicada no Di\u00e1rio Oficial da Uni\u00e3o em 9 de setembro, aprova o primeiro Plano de Gest\u00e3o Anual (PGA) para o Projeto de Integra\u00e7\u00e3o do Rio S\u00e3o Francisco (PISF). Elaborado pela operadora federal do empreendimento, a CODEVASF, para 2018. O PGA cont\u00e9m a programa\u00e7\u00e3o de bombeamento e fornecimento de \u00e1gua bruta nos pontos de entrega das \u00e1guas da transposi\u00e7\u00e3o.<\/div>\n<div class=\"conteudo-noticia\">\n<p>De acordo com o Plano, no total a Para\u00edba vai receber 4,672 m\u00b3\/s, \u00e1gua que vai abastecer a regi\u00e3o de Campina Grande, segundo maior munic\u00edpio do estado, com cerca de 500 mil habitantes,\u00a0Monteiro, Sum\u00e9, Camala\u00fa, Carba\u00fabas e S\u00e3o Domingos do Cariri, al\u00e9m de pequenas comunidades agr\u00edcolas e comunidades rurais localizadas ao longo do Eixo Leste.<\/p>\n<p>O estado de Pernambuco vai receber, por meio do Eixo Leste, 0,75m\u00b3\/s para o abastecimento de Sert\u00e2nia, Tabira, S\u00e3o Jos\u00e9 do Egito, Arcoverde, Pesqueira e outras pequenas comunidades.<\/p>\n<p>O Eixo Leste da transposi\u00e7\u00e3o do rio S\u00e3o Francisco encontra-se em fase de pr\u00e9-opera\u00e7\u00e3o desde mar\u00e7o de 2017. Por isso, embora a Resolu\u00e7\u00e3o tenha aprovado o rateio da \u00e1gua para esse trecho, ainda faltam algumas etapas, como a assinatura dos contratos entre as operadoras estaduais e a CODEVASF, operadora federal do projeto, e a licen\u00e7a de opera\u00e7\u00e3o do projeto, a ser emitida pelo IBAMA.<\/p>\n<p>A Resolu\u00e7\u00e3o n\u00ba 63\/2018 tamb\u00e9m define as condi\u00e7\u00f5es e padr\u00f5es operacionais do PGA para 2018 nas seis esta\u00e7\u00f5es de bombeamento do Eixo Leste, sendo que as vaz\u00f5es m\u00e9dias de bombeamento variam entre 4,58m\u00b3\/s e 6,36m\u00b3\/s.<\/p>\n<p>Outro ponto da Resolu\u00e7\u00e3o diz respeito \u00e0 capta\u00e7\u00e3o de \u00e1gua para a adutora do Paje\u00fa \u2013 Subsistema Sert\u00e2nia, que dever\u00e1 ser realizada no reservat\u00f3rio Campos, que fica no Eixo Leste. O volume mensal disponibilizado em cada portal ser\u00e1 definido considerando as vaz\u00f5es do Anexo I e o per\u00edodo entre a assinatura dos contratos celebrados entre a CODEVASF e as operadoras estaduais e 31 de dezembro de 2018.<\/p>\n<p><strong>O Plano de Gest\u00e3o Anual<\/strong><\/p>\n<p>De acordo com o\u00a0Decreto n\u00ba 5.995\/2006, o PGA deve ser enviado anualmente pela operadora federal do PISF para a ANA e o Minist\u00e9rio da Integra\u00e7\u00e3o Nacional (MI) para aprova\u00e7\u00e3o dos temas relacionados \u00e0s respectivas compet\u00eancias das duas institui\u00e7\u00f5es. O Plano \u00e9 um instrumento de ajuste contratual entre a operadora federal, as operadoras estaduais, os estados beneficiados e o MI. Este documento tamb\u00e9m deve estar de acordo com outorga de autoriza\u00e7\u00e3o pelo uso das \u00e1guas do S\u00e3o Francisco, emitida pela ANA.<\/p>\n<p>Conforme a\u00a0Resolu\u00e7\u00e3o ANA n\u00ba 2.333\/2017, o PGA tem vig\u00eancia entre 1\u00ba de janeiro e 31 de dezembro de cada ano e estabelece como deve acontecer a opera\u00e7\u00e3o do PISF, a qual pode ser ajustada de acordo com as condi\u00e7\u00f5es operacionais e hidrol\u00f3gicas n\u00e3o previstas ou excepcionais. No Plano a reparti\u00e7\u00e3o de vaz\u00f5es deve considerar o atendimento priorit\u00e1rio \u00e0s demandas m\u00e9dias anuais para consumo humano e dessedenta\u00e7\u00e3o de animais projetadas para 2025.<\/p>\n<p><strong>O PISF<\/strong><\/p>\n<p>O\u00a0objetivo do PISF\u00a0\u00e9 levar \u00e1gua do rio S\u00e3o Francisco a 12 milh\u00f5es de pessoas em\u00a0390 munic\u00edpios\u00a0no Cear\u00e1, na Para\u00edba, em Pernambuco e no Rio Grande do Norte, estados vulner\u00e1veis \u00e0 seca. O Projeto tamb\u00e9m tem o objetivo de beneficiar 294 comunidades rurais \u00e0s margens dos canais.\u00a0O empreendimento abrange a constru\u00e7\u00e3o de 13 aquedutos, nove esta\u00e7\u00f5es de bombeamento, 28 reservat\u00f3rios, nove subesta\u00e7\u00f5es de 230 quilowatts, 270 quil\u00f4metros de linhas de transmiss\u00e3o em alta tens\u00e3o e quatro t\u00faneis. Inaugurado em mar\u00e7o de 2017, o Eixo Leste tem 217 quil\u00f4metros, passando por Pernambuco e Para\u00edba. Previsto para ser inaugurado ainda em 2018, o Eixo Norte tem 260km e corta munic\u00edpios de Pernambuco, Cear\u00e1 e Para\u00edba.<\/p>\n<p>No Eixo Norte, as obras do Projeto de Integra\u00e7\u00e3o do Rio S\u00e3o Francisco passam pelos seguintes munic\u00edpios: Cabrob\u00f3, Salgueiro, Terranova e Verdejante, em Pernambuco; Penaforte, Jati, Brejo Santo, Mauriti e Barro, no Cear\u00e1; S\u00e3o Jos\u00e9 de Piranhas, Monte Horebe e Cajazeiras, na Para\u00edba. J\u00e1 no Eixo Leste, o empreendimento atravessa os munic\u00edpios pernambucanos de Floresta, Cust\u00f3dia, Bet\u00e2nia e Sert\u00e2nia; e a cidade paraibana de Monteiro.<\/p>\n<p>Cariri em A\u00e7\u00e3o<\/p>\n<p>Leia mais not\u00edcias em\u00a0<a href=\"http:\/\/www.caririemacao.com\/\">caririemacao.com<\/a>, siga nossa p\u00e1gina no\u00a0<a href=\"https:\/\/www.facebook.com\/CaririEmAcao\/?ref=aymt_homepage_panel\">Facebook<\/a>,\u00a0<a href=\"https:\/\/www.instagram.com\/cariri_em_acao\/?hl=pt-br\">Instagram<\/a>\u00a0e\u00a0<a href=\"https:\/\/www.youtube.com\/channel\/UCAptA0jQuYQy8vMhLt2m4qg\">Youtube<\/a>\u00a0e veja nossas mat\u00e9rias, v\u00eddeos e fotos. Voc\u00ea tamb\u00e9m pode enviar informa\u00e7\u00f5es \u00e0 Reda\u00e7\u00e3o do Portal Cariri em A\u00e7\u00e3o pelo WhatsApp (83) 9 9634.5791, (83) 9 9601-1162.<\/p>\n<\/div>\n","protected":false},"excerpt":{"rendered":"<p>A\u00a0Resolu\u00e7\u00e3o ANA n\u00ba 63\/2018, publicada no Di\u00e1rio Oficial da Uni\u00e3o em 9 de setembro, aprova o primeiro Plano de Gest\u00e3o Anual (PGA) para o Projeto&hellip; <\/p>\n","protected":false},"author":1,"featured_media":64833,"comment_status":"closed","ping_status":"closed","sticky":false,"template":"","format":"standard","meta":{"sfsi_plus_gutenberg_text_before_share":"","sfsi_plus_gutenberg_show_text_before_share":"","sfsi_plus_gutenberg_icon_type":"","sfsi_plus_gutenberg_icon_alignemt":"","sfsi_plus_gutenburg_max_per_row":"","footnotes":""},"categories":[2],"tags":[],"class_list":["post-64832","post","type-post","status-publish","format-standard","has-post-thumbnail","hentry","category-geral"],"_links":{"self":[{"href":"https:\/\/www.caririemacao.com\/1\/wp-json\/wp\/v2\/posts\/64832","targetHints":{"allow":["GET"]}}],"collection":[{"href":"https:\/\/www.caririemacao.com\/1\/wp-json\/wp\/v2\/posts"}],"about":[{"href":"https:\/\/www.caririemacao.com\/1\/wp-json\/wp\/v2\/types\/post"}],"author":[{"embeddable":true,"href":"https:\/\/www.caririemacao.com\/1\/wp-json\/wp\/v2\/users\/1"}],"replies":[{"embeddable":true,"href":"https:\/\/www.caririemacao.com\/1\/wp-json\/wp\/v2\/comments?post=64832"}],"version-history":[{"count":1,"href":"https:\/\/www.caririemacao.com\/1\/wp-json\/wp\/v2\/posts\/64832\/revisions"}],"predecessor-version":[{"id":64834,"href":"https:\/\/www.caririemacao.com\/1\/wp-json\/wp\/v2\/posts\/64832\/revisions\/64834"}],"wp:featuredmedia":[{"embeddable":true,"href":"https:\/\/www.caririemacao.com\/1\/wp-json\/wp\/v2\/media\/64833"}],"wp:attachment":[{"href":"https:\/\/www.caririemacao.com\/1\/wp-json\/wp\/v2\/media?parent=64832"}],"wp:term":[{"taxonomy":"category","embeddable":true,"href":"https:\/\/www.caririemacao.com\/1\/wp-json\/wp\/v2\/categories?post=64832"},{"taxonomy":"post_tag","embeddable":true,"href":"https:\/\/www.caririemacao.com\/1\/wp-json\/wp\/v2\/tags?post=64832"}],"curies":[{"name":"wp","href":"https:\/\/api.w.org\/{rel}","templated":true}]}}