{"id":64845,"date":"2018-09-12T10:20:22","date_gmt":"2018-09-12T13:20:22","guid":{"rendered":"http:\/\/www.caririemacao.com\/1\/?p=64845"},"modified":"2018-09-14T09:23:44","modified_gmt":"2018-09-14T12:23:44","slug":"tce-aprova-contas-de-2017-da-camara-municipal-de-camalau","status":"publish","type":"post","link":"https:\/\/www.caririemacao.com\/1\/2018\/09\/12\/tce-aprova-contas-de-2017-da-camara-municipal-de-camalau\/","title":{"rendered":"TCE aprova contas de 2017 da C\u00e2mara Municipal de Camala\u00fa"},"content":{"rendered":"<p>O Tribunal de Contas do Estado da Para\u00edba aprovou nesta quarta-feira, 12, por unanimidade das contas da C\u00e2mara Municipal de Camala\u00fa, referente ao exerc\u00edcio de 2017.<\/p>\n<div>O Presidente da C\u00e2mara, Alu\u00edsio J\u00fanior, comemorou a decis\u00e3o do TCE-PB, e disse que essa aprova\u00e7\u00e3o comprava a responsabilidade, zelo e compromisso da sua gest\u00e3o na C\u00e2mara Municipal de Camala\u00fa.<\/div>\n<div>\n<div><\/div>\n<div>Conduzida pelo vice-presidente Arn\u00f3bio Viana, em raz\u00e3o de viagem institucional do presidente Andr\u00e9 Carlo Torres Pontes, a sess\u00e3o plen\u00e1ria teve as participa\u00e7\u00f5es dos conselheiros Fernando Cat\u00e3o, Nominando Diniz, Arthur Cunha Lima e Marcos Costa. Tamb\u00e9m, dos conselheiros substitutos Antonio Gomes Vieira Filho, Antonio Cl\u00e1udio Silva Santos, Oscar Mamede e Renato S\u00e9rgio Santiago Melo. O Minist\u00e9rio P\u00fablico de Contas foi representado pelo procurador geral Luciano Andrade Farias.<\/div>\n<div><\/div>\n<div><strong>Cariri em A\u00e7\u00e3o<\/strong><\/div>\n<div>\n<p>Leia mais not\u00edcias em\u00a0<a href=\"http:\/\/www.caririemacao.com\/\">caririemacao.com<\/a>, siga nossa p\u00e1gina no\u00a0<a href=\"https:\/\/www.facebook.com\/CaririEmAcao\/?ref=aymt_homepage_panel\">Facebook<\/a>,\u00a0<a href=\"https:\/\/www.instagram.com\/cariri_em_acao\/?hl=pt-br\">Instagram<\/a>\u00a0e\u00a0<a href=\"https:\/\/www.youtube.com\/channel\/UCAptA0jQuYQy8vMhLt2m4qg\">Youtube<\/a>\u00a0e veja nossas mat\u00e9rias, v\u00eddeos e fotos. Voc\u00ea tamb\u00e9m pode enviar informa\u00e7\u00f5es \u00e0 Reda\u00e7\u00e3o do Portal Cariri em A\u00e7\u00e3o pelo WhatsApp (83) 9 9634.5791, (83) 9 9601-1162.<\/p>\n<\/div>\n<\/div>\n","protected":false},"excerpt":{"rendered":"<p>O Tribunal de Contas do Estado da Para\u00edba aprovou nesta quarta-feira, 12, por unanimidade das contas da C\u00e2mara Municipal de Camala\u00fa, referente ao exerc\u00edcio de&hellip; <\/p>\n","protected":false},"author":1,"featured_media":64846,"comment_status":"closed","ping_status":"closed","sticky":false,"template":"","format":"standard","meta":{"sfsi_plus_gutenberg_text_before_share":"","sfsi_plus_gutenberg_show_text_before_share":"","sfsi_plus_gutenberg_icon_type":"","sfsi_plus_gutenberg_icon_alignemt":"","sfsi_plus_gutenburg_max_per_row":"","footnotes":""},"categories":[11],"tags":[],"class_list":["post-64845","post","type-post","status-publish","format-standard","has-post-thumbnail","hentry","category-politica"],"_links":{"self":[{"href":"https:\/\/www.caririemacao.com\/1\/wp-json\/wp\/v2\/posts\/64845","targetHints":{"allow":["GET"]}}],"collection":[{"href":"https:\/\/www.caririemacao.com\/1\/wp-json\/wp\/v2\/posts"}],"about":[{"href":"https:\/\/www.caririemacao.com\/1\/wp-json\/wp\/v2\/types\/post"}],"author":[{"embeddable":true,"href":"https:\/\/www.caririemacao.com\/1\/wp-json\/wp\/v2\/users\/1"}],"replies":[{"embeddable":true,"href":"https:\/\/www.caririemacao.com\/1\/wp-json\/wp\/v2\/comments?post=64845"}],"version-history":[{"count":4,"href":"https:\/\/www.caririemacao.com\/1\/wp-json\/wp\/v2\/posts\/64845\/revisions"}],"predecessor-version":[{"id":64911,"href":"https:\/\/www.caririemacao.com\/1\/wp-json\/wp\/v2\/posts\/64845\/revisions\/64911"}],"wp:featuredmedia":[{"embeddable":true,"href":"https:\/\/www.caririemacao.com\/1\/wp-json\/wp\/v2\/media\/64846"}],"wp:attachment":[{"href":"https:\/\/www.caririemacao.com\/1\/wp-json\/wp\/v2\/media?parent=64845"}],"wp:term":[{"taxonomy":"category","embeddable":true,"href":"https:\/\/www.caririemacao.com\/1\/wp-json\/wp\/v2\/categories?post=64845"},{"taxonomy":"post_tag","embeddable":true,"href":"https:\/\/www.caririemacao.com\/1\/wp-json\/wp\/v2\/tags?post=64845"}],"curies":[{"name":"wp","href":"https:\/\/api.w.org\/{rel}","templated":true}]}}