{"id":64889,"date":"2018-09-13T21:49:03","date_gmt":"2018-09-14T00:49:03","guid":{"rendered":"http:\/\/www.caririemacao.com\/1\/?p=64889"},"modified":"2018-09-13T21:49:03","modified_gmt":"2018-09-14T00:49:03","slug":"prefeitura-de-sao-sebastiao-do-umbuzeiro-realiza-curso-de-producao-de-requeijao-de-leite-de-cabra","status":"publish","type":"post","link":"https:\/\/www.caririemacao.com\/1\/2018\/09\/13\/prefeitura-de-sao-sebastiao-do-umbuzeiro-realiza-curso-de-producao-de-requeijao-de-leite-de-cabra\/","title":{"rendered":"Prefeitura de S\u00e3o Sebasti\u00e3o do Umbuzeiro realiza Curso de Produ\u00e7\u00e3o de Requeij\u00e3o de Leite de Cabra"},"content":{"rendered":"<p>A Prefeitura Municipal de\u00a0 S\u00e3o Sebasti\u00e3o do Umbuzeiro, atrav\u00e9s da Secretaria Municipal da Agricultura em parceria com a Escola T\u00e9cnica (ETE), promoveu nesta quinta-feira (13), na 1\u00aa Exposi\u00e7\u00e3o Municipal de Caprinos e Ovinos do munic\u00edpio\u00a0o Curso de Produ\u00e7\u00e3o de Requeij\u00e3o\u00a0de Leite de Cabra.<\/p>\n<p>O objetivo do curso \u00e9 de melhorar a alimenta\u00e7\u00e3o dos agricultores umbuzeirenses, al\u00e9m de proporcionar uma rentabilidade extra para as fam\u00edlias. Foram repassadas t\u00e9cnicas de produ\u00e7\u00e3o artesanal do produto derivado do leite como o requeij\u00e3o.<\/p>\n<p>O prefeito Adriano Wolff ressaltou que o munic\u00edpio tem uma grande produ\u00e7\u00e3o de leite, e hoje est\u00e1 entre os trintas munic\u00edpios do Brasil na Produ\u00e7\u00e3o de Leite de Cabra, S\u00e3o Sebasti\u00e3o do Umbuzeiro, est\u00e1 na 24\u00aa coloca\u00e7\u00e3o.<\/p>\n<p>\u201cCom a conclus\u00e3o do Curso, os alunos est\u00e3o aptos para transformar o leite in natura em mat\u00e9ria prima na produ\u00e7\u00e3o de Requeij\u00e3o que aprenderam a fabricar, e que poder\u00e3o comercializar gerando renda ou na alimenta\u00e7\u00e3o de suas fam\u00edlias\u201d, enfatizou o prefeito.<\/p>\n<p>O Curso foi ministrado pela equipe da Escola T\u00e9cnica Estadual Arlindo Ferreira dos Santos (ETE) Sert\u00e2nia-Pe, Professora Zootecnista: F\u00e1bia Cordeiro. Coordenadores do Curso de Agropecu\u00e1ria: Fl\u00e1vio Ant\u00f4nio Bernardo e Duardo Toscano. \u00a0Auxiliado pelos alunos: Raquel Gomes, Joana C\u00e1ssia, Rebeka Andrade, Wandley Leite, Marcos Rem\u00edgio, Josimar Bezerra, Jonatas Alves, Emerson Sampaio e Raniery Cordeiro.<\/p>\n<p><strong>Ascom\/S\u00e3o Sebasti\u00e3o do Umbuzeiro<\/strong><\/p>\n<p>Cariri em A\u00e7\u00e3o<\/p>\n<p>Leia mais not\u00edcias em\u00a0<a href=\"http:\/\/www.caririemacao.com\/\">caririemacao.com<\/a>, siga nossa p\u00e1gina no\u00a0<a href=\"https:\/\/www.facebook.com\/CaririEmAcao\/?ref=aymt_homepage_panel\">Facebook<\/a>,\u00a0<a href=\"https:\/\/www.instagram.com\/cariri_em_acao\/?hl=pt-br\">Instagram<\/a>\u00a0e\u00a0<a href=\"https:\/\/www.youtube.com\/channel\/UCAptA0jQuYQy8vMhLt2m4qg\">Youtube<\/a>\u00a0e veja nossas mat\u00e9rias, v\u00eddeos e fotos. Voc\u00ea tamb\u00e9m pode enviar informa\u00e7\u00f5es \u00e0 Reda\u00e7\u00e3o do Portal Cariri em A\u00e7\u00e3o pelo WhatsApp (83) 9 9634.5791, (83) 9 9601-1162.<\/p>\n","protected":false},"excerpt":{"rendered":"<p>A Prefeitura Municipal de\u00a0 S\u00e3o Sebasti\u00e3o do Umbuzeiro, atrav\u00e9s da Secretaria Municipal da Agricultura em parceria com a Escola T\u00e9cnica (ETE), promoveu nesta quinta-feira (13),&hellip; <\/p>\n","protected":false},"author":1,"featured_media":64890,"comment_status":"closed","ping_status":"closed","sticky":false,"template":"","format":"standard","meta":{"sfsi_plus_gutenberg_text_before_share":"","sfsi_plus_gutenberg_show_text_before_share":"","sfsi_plus_gutenberg_icon_type":"","sfsi_plus_gutenberg_icon_alignemt":"","sfsi_plus_gutenburg_max_per_row":"","footnotes":""},"categories":[6],"tags":[],"class_list":["post-64889","post","type-post","status-publish","format-standard","has-post-thumbnail","hentry","category-cidades"],"_links":{"self":[{"href":"https:\/\/www.caririemacao.com\/1\/wp-json\/wp\/v2\/posts\/64889","targetHints":{"allow":["GET"]}}],"collection":[{"href":"https:\/\/www.caririemacao.com\/1\/wp-json\/wp\/v2\/posts"}],"about":[{"href":"https:\/\/www.caririemacao.com\/1\/wp-json\/wp\/v2\/types\/post"}],"author":[{"embeddable":true,"href":"https:\/\/www.caririemacao.com\/1\/wp-json\/wp\/v2\/users\/1"}],"replies":[{"embeddable":true,"href":"https:\/\/www.caririemacao.com\/1\/wp-json\/wp\/v2\/comments?post=64889"}],"version-history":[{"count":1,"href":"https:\/\/www.caririemacao.com\/1\/wp-json\/wp\/v2\/posts\/64889\/revisions"}],"predecessor-version":[{"id":64891,"href":"https:\/\/www.caririemacao.com\/1\/wp-json\/wp\/v2\/posts\/64889\/revisions\/64891"}],"wp:featuredmedia":[{"embeddable":true,"href":"https:\/\/www.caririemacao.com\/1\/wp-json\/wp\/v2\/media\/64890"}],"wp:attachment":[{"href":"https:\/\/www.caririemacao.com\/1\/wp-json\/wp\/v2\/media?parent=64889"}],"wp:term":[{"taxonomy":"category","embeddable":true,"href":"https:\/\/www.caririemacao.com\/1\/wp-json\/wp\/v2\/categories?post=64889"},{"taxonomy":"post_tag","embeddable":true,"href":"https:\/\/www.caririemacao.com\/1\/wp-json\/wp\/v2\/tags?post=64889"}],"curies":[{"name":"wp","href":"https:\/\/api.w.org\/{rel}","templated":true}]}}