{"id":64901,"date":"2018-09-14T08:19:41","date_gmt":"2018-09-14T11:19:41","guid":{"rendered":"http:\/\/www.caririemacao.com\/1\/?p=64901"},"modified":"2018-09-14T08:20:24","modified_gmt":"2018-09-14T11:20:24","slug":"64901","status":"publish","type":"post","link":"https:\/\/www.caririemacao.com\/1\/2018\/09\/14\/64901\/","title":{"rendered":"Contas de luz devem ficar mais caras at\u00e9 o fim do ano"},"content":{"rendered":"<p>A bandeira vermelha 2 da conta de luz continuar\u00e1 acionada at\u00e9 o fim do ano, mesmo com o in\u00edcio do per\u00edodo chuvoso em novembro. A informa\u00e7\u00e3o foi confirmada nesta quinta-feira pelo diretor geral do Operador Nacional do Sistema (ONS), Luiz Eduardo Barata.<\/p>\n<p>O sistema de bandeiras \u2013 verde, amarela, vermelha 1 e vermelha 2 \u2013 \u00e9 usado para indicar o patamar tarif\u00e1rio da conta de luz. Exceto pela verde, na qual n\u00e3o h\u00e1 cobran\u00e7a extra, a tarifa fica mais cara na vig\u00eancia das demais. A medida \u00e9 uma forma de compensar o acionamento das usinas termoel\u00e9tricas, cuja opera\u00e7\u00e3o \u00e9 mais cara, em momentos em que os reservat\u00f3rios est\u00e3o em n\u00edveis baixos.<\/p>\n<p><strong>Veja\u00a0<\/strong><\/p>\n<p>Cariri em A\u00e7\u00e3o<\/p>\n<p>Leia mais not\u00edcias em\u00a0<a href=\"http:\/\/www.caririemacao.com\/\">caririemacao.com<\/a>, siga nossa p\u00e1gina no\u00a0<a href=\"https:\/\/www.facebook.com\/CaririEmAcao\/?ref=aymt_homepage_panel\">Facebook<\/a>,\u00a0<a href=\"https:\/\/www.instagram.com\/cariri_em_acao\/?hl=pt-br\">Instagram<\/a>\u00a0e\u00a0<a href=\"https:\/\/www.youtube.com\/channel\/UCAptA0jQuYQy8vMhLt2m4qg\">Youtube<\/a>\u00a0e veja nossas mat\u00e9rias, v\u00eddeos e fotos. Voc\u00ea tamb\u00e9m pode enviar informa\u00e7\u00f5es \u00e0 Reda\u00e7\u00e3o do Portal Cariri em A\u00e7\u00e3o pelo WhatsApp (83) 9 9634.5791, (83) 9 9601-1162.<\/p>\n","protected":false},"excerpt":{"rendered":"<p>A bandeira vermelha 2 da conta de luz continuar\u00e1 acionada at\u00e9 o fim do ano, mesmo com o in\u00edcio do per\u00edodo chuvoso em novembro. A&hellip; <\/p>\n","protected":false},"author":1,"featured_media":40517,"comment_status":"closed","ping_status":"closed","sticky":false,"template":"","format":"standard","meta":{"sfsi_plus_gutenberg_text_before_share":"","sfsi_plus_gutenberg_show_text_before_share":"","sfsi_plus_gutenberg_icon_type":"","sfsi_plus_gutenberg_icon_alignemt":"","sfsi_plus_gutenburg_max_per_row":"","footnotes":""},"categories":[2],"tags":[],"class_list":["post-64901","post","type-post","status-publish","format-standard","has-post-thumbnail","hentry","category-geral"],"_links":{"self":[{"href":"https:\/\/www.caririemacao.com\/1\/wp-json\/wp\/v2\/posts\/64901","targetHints":{"allow":["GET"]}}],"collection":[{"href":"https:\/\/www.caririemacao.com\/1\/wp-json\/wp\/v2\/posts"}],"about":[{"href":"https:\/\/www.caririemacao.com\/1\/wp-json\/wp\/v2\/types\/post"}],"author":[{"embeddable":true,"href":"https:\/\/www.caririemacao.com\/1\/wp-json\/wp\/v2\/users\/1"}],"replies":[{"embeddable":true,"href":"https:\/\/www.caririemacao.com\/1\/wp-json\/wp\/v2\/comments?post=64901"}],"version-history":[{"count":2,"href":"https:\/\/www.caririemacao.com\/1\/wp-json\/wp\/v2\/posts\/64901\/revisions"}],"predecessor-version":[{"id":64903,"href":"https:\/\/www.caririemacao.com\/1\/wp-json\/wp\/v2\/posts\/64901\/revisions\/64903"}],"wp:featuredmedia":[{"embeddable":true,"href":"https:\/\/www.caririemacao.com\/1\/wp-json\/wp\/v2\/media\/40517"}],"wp:attachment":[{"href":"https:\/\/www.caririemacao.com\/1\/wp-json\/wp\/v2\/media?parent=64901"}],"wp:term":[{"taxonomy":"category","embeddable":true,"href":"https:\/\/www.caririemacao.com\/1\/wp-json\/wp\/v2\/categories?post=64901"},{"taxonomy":"post_tag","embeddable":true,"href":"https:\/\/www.caririemacao.com\/1\/wp-json\/wp\/v2\/tags?post=64901"}],"curies":[{"name":"wp","href":"https:\/\/api.w.org\/{rel}","templated":true}]}}